{"id":8770,"date":"2020-02-14T21:15:42","date_gmt":"2020-02-15T03:15:42","guid":{"rendered":"http:\/\/www.zonaroja.com.mx\/?p=8770"},"modified":"2020-02-14T21:15:46","modified_gmt":"2020-02-15T03:15:46","slug":"resalta-poder-judicial-de-oaxaca-legado-de-vicente-guerrero","status":"publish","type":"post","link":"https:\/\/zonaroja.com.mx\/?p=8770","title":{"rendered":"Resalta Poder Judicial de Oaxaca legado de Vicente Guerrero"},"content":{"rendered":"\n<p>Redacci\u00f3n\/Zona Roja.<\/p>\n\n\n\n<p>Oaxaca de Ju\u00e1rez, Oax., 14 de febrero\nde 2020.- El presidente del Tribunal Superior de Justicia y del Consejo de la\nJudicatura, magistrado Eduardo Pinacho S\u00e1nchez, asisti\u00f3 a la ceremonia con\nmotivo del CLXXXIX aniversario luctuoso del General Vicente Guerrero Salda\u00f1a,\nencabezada por el gobernador Alejandro Murat Hinojosa y su hom\u00f3logo de\nGuerrero, H\u00e9ctor Astudillo Flores.<\/p>\n\n\n\n<p>Los representantes de los tres poderes\nde gobierno de ambas entidades, rindieron honores en el monumento de la plaza\nc\u00edvica del ex convento de Cuil\u00e1pam, en donde colocaron una ofrenda floral y\nmontaron una guardia de honor al pol\u00edtico y militar mexicano precursor de la\nIndependencia de M\u00e9xico.<\/p>\n\n\n\n<p>Al t\u00e9rmino de la ceremonia c\u00edvica, el\ntitular del Poder Judicial consider\u00f3 que el nacionalismo debe reforzarse y\nresalt\u00f3 la importancia de conmemorar a los personajes que son cimiento y\nemblema de la soberan\u00eda nacional y quienes ofrendaron su vida a la lucha por\ncombatir las desigualdades del pa\u00eds y construir un pa\u00eds como M\u00e9xico, as\u00ed como\npreservar su legado.<\/p>\n\n\n\n<p>A esta ceremonia asistieron, por parte\ndel estado de Guerrero, los presidentes del Tribunal Superior de Justicia y del\nConsejo de la Judicatura local, magistrado Alberto L\u00f3pez Celis y de la Mesa\nDirectiva del Congreso, diputado Alberto Catal\u00e1n Bastida.<\/p>\n","protected":false},"excerpt":{"rendered":"<p>Redacci\u00f3n\/Zona Roja. Oaxaca de Ju\u00e1rez, Oax., 14 de febrero de 2020.- El presidente del Tribunal&hellip;<\/p>\n","protected":false},"author":2,"featured_media":8773,"comment_status":"closed","ping_status":"open","sticky":false,"template":"","format":"standard","meta":{"_lmt_disableupdate":"","_lmt_disable":"","_jetpack_memberships_contains_paid_content":false,"footnotes":""},"categories":[109,46],"tags":[1225,1369],"class_list":["post-8770","post","type-post","status-publish","format-standard","has-post-thumbnail","hentry","category-minuto-a-minuto","category-zona-blanca","tag-eduardo-pinacho-sanchez","tag-tribunal-superior-de-justicia-de-oaxacatsejo"],"jetpack_featured_media_url":"https:\/\/zonaroja.com.mx\/wp-content\/uploads\/2020\/02\/Aniversario-luctuoso-Vicente-Guerrero-3-1.jpeg","jetpack_sharing_enabled":true,"_links":{"self":[{"href":"https:\/\/zonaroja.com.mx\/index.php?rest_route=\/wp\/v2\/posts\/8770","targetHints":{"allow":["GET"]}}],"collection":[{"href":"https:\/\/zonaroja.com.mx\/index.php?rest_route=\/wp\/v2\/posts"}],"about":[{"href":"https:\/\/zonaroja.com.mx\/index.php?rest_route=\/wp\/v2\/types\/post"}],"author":[{"embeddable":true,"href":"https:\/\/zonaroja.com.mx\/index.php?rest_route=\/wp\/v2\/users\/2"}],"replies":[{"embeddable":true,"href":"https:\/\/zonaroja.com.mx\/index.php?rest_route=%2Fwp%2Fv2%2Fcomments&post=8770"}],"version-history":[{"count":1,"href":"https:\/\/zonaroja.com.mx\/index.php?rest_route=\/wp\/v2\/posts\/8770\/revisions"}],"predecessor-version":[{"id":8774,"href":"https:\/\/zonaroja.com.mx\/index.php?rest_route=\/wp\/v2\/posts\/8770\/revisions\/8774"}],"wp:featuredmedia":[{"embeddable":true,"href":"https:\/\/zonaroja.com.mx\/index.php?rest_route=\/wp\/v2\/media\/8773"}],"wp:attachment":[{"href":"https:\/\/zonaroja.com.mx\/index.php?rest_route=%2Fwp%2Fv2%2Fmedia&parent=8770"}],"wp:term":[{"taxonomy":"category","embeddable":true,"href":"https:\/\/zonaroja.com.mx\/index.php?rest_route=%2Fwp%2Fv2%2Fcategories&post=8770"},{"taxonomy":"post_tag","embeddable":true,"href":"https:\/\/zonaroja.com.mx\/index.php?rest_route=%2Fwp%2Fv2%2Ftags&post=8770"}],"curies":[{"name":"wp","href":"https:\/\/api.w.org\/{rel}","templated":true}]}}