{"id":87715,"date":"2025-12-06T13:28:00","date_gmt":"2025-12-06T19:28:00","guid":{"rendered":"https:\/\/zonaroja.com.mx\/?p=87715"},"modified":"2025-12-06T07:29:04","modified_gmt":"2025-12-06T13:29:04","slug":"usos-y-costumbres-limitan-la-libertad-de-culto-e-impiden-separacion-de-iglesia-y-estado","status":"publish","type":"post","link":"https:\/\/zonaroja.com.mx\/?p=87715","title":{"rendered":"Usos y costumbres limitan la libertad de culto e impiden separaci\u00f3n de iglesia y Estado"},"content":{"rendered":"\n<p>Lisbeth Mej\u00eda Reyes\/Zona Roja.<\/p>\n\n\n\n<p>Oaxaca, Oax., a 6 de diciembre de 2025.- La libertad de culto y la separaci\u00f3n de la iglesia y el Estado siguen sin concretarse en M\u00e9xico a 165 a\u00f1os de que el oaxaque\u00f1o Benito Ju\u00e1rez promulg\u00f3 la Ley sobre libertad de culto, se\u00f1al\u00f3 Enrique \u00c1ngeles Cruz, presidente de la Defensor\u00eda Cristiana.<\/p>\n\n\n\n<p>En la tierra del Benem\u00e9rito de las Am\u00e9ricas, la ley que establece la libertad de creencias es letra muerta, lament\u00f3 el defensor durante el aniversario de la promulgaci\u00f3n de la ley.&nbsp;<\/p>\n\n\n\n<p>Esto a pesar de que tal derecho est\u00e1 plasmado en la Constituci\u00f3n Pol\u00edtica de M\u00e9xico y la Constituci\u00f3n local de Oaxaca, as\u00ed como en la Ley de Asociaciones Religiosas y Culto P\u00fablico.<\/p>\n\n\n\n<p>En el estado, dijo, son los usos y costumbres los que afectan este derecho en las comunidades ind\u00edgenas e impiden la separaci\u00f3n de iglesia y estado. Lo anterior debido a que en el esquema de cargos p\u00fablicos se mezclan los de tipo religioso y los acuerdos de las asambleas atentan contra los habitantes que profesan otra religi\u00f3n distinta a la cat\u00f3lica.<\/p>\n\n\n\n<p>Desde la ceremonia conmemorativa realizada este jueves en el parque \u201cEl Llano\u201d, ciudad de Oaxaca, \u00c1ngeles Cruz lament\u00f3 que actualmente la obra y el pensamiento juarista se usen solamente como \u00abuna bandera en favor de intereses pol\u00edticos mezquinos y de partidos, pero nunca en beneficio del pueblo\u00bb. Ante esto, exigi\u00f3 a las autoridades estatales y federales ser gobiernos plurales y garantizar los derechos de todas las personas.<\/p>\n\n\n\n<p>El defensor remarc\u00f3 la importancia del legado de Benito Ju\u00e1rez, quien incluso llev\u00f3 la m\u00e1xima del respeto a su emblem\u00e1tica frase: \u00abEntre los individuos, como entre las naciones, el respeto al derecho ajeno es la paz\u00bb.&nbsp;<\/p>\n\n\n\n<p>El legado de Ju\u00e1rez tambi\u00e9n permiti\u00f3 \u00abliberar de la opresi\u00f3n religiosa que prevalec\u00eda en perjuicio de la gran mayor\u00eda del pueblo mexicano, no solo en el control absoluto de las conciencias sino en el despojo impune de su precaria econom\u00eda, a trav\u00e9s del gran poder pol\u00edtico que ejerc\u00eda en todos los \u00e1mbitos del gobierno\u00bb, explic\u00f3.<\/p>\n\n\n\n<p>Sin embargo, reiter\u00f3 que esa separaci\u00f3n de la iglesia y el Estado a\u00fan est\u00e1 lejos en Oaxaca, debido a los usos y costumbres (Sistemas Normativos Internos) que rigen a m\u00e1s de 400 municipios y en los que se mezclan los cargos civiles y religiosos.&nbsp;<\/p>\n\n\n\n<p>Adem\u00e1s de que sigue el despojo econ\u00f3mico en perjuicio de miles de familias que son obligadas a servir en cargos religiosos y aportar cooperaciones para actos y festividades religiosas, sean o no de esa religi\u00f3n, pues de lo contrario son multadas, agredidas, desplazadas y asesinadas.<\/p>\n\n\n\n<p>Uno de los casos de intolerancia religiosa es el del pastor Samuel Garc\u00eda y dos creyentes m\u00e1s, quienes fueron asesinados hace 90 a\u00f1os en San Jer\u00f3nimo Tlacochuahuaya por la intolerancia religiosa. Igualmente, se han registrado otros casos de intolerancia entre 1990 y el a\u00f1o 2000, de los que dijo que intervinieron como Defensor\u00eda Cristiana.<\/p>\n\n\n\n<p>Uno de los m\u00e1s recientes es el de familias de Cerro Caj\u00f3n, agencia El Arenal, en el municipio de San Juan Lalana, quienes fueron agredidas en 2024 por habitantes de su comunidad, les robaron su ganado y quemaron su templo. A la fecha, las familias siguen exiliadas y sin poder volver a sus hogares.<\/p>\n","protected":false},"excerpt":{"rendered":"<p>Lisbeth Mej\u00eda Reyes\/Zona Roja. Oaxaca, Oax., a 6 de diciembre de 2025.- La libertad de&hellip;<\/p>\n","protected":false},"author":2,"featured_media":87671,"comment_status":"closed","ping_status":"open","sticky":false,"template":"","format":"standard","meta":{"_lmt_disableupdate":"","_lmt_disable":"","_jetpack_memberships_contains_paid_content":false,"footnotes":""},"categories":[109,46],"tags":[1372],"class_list":["post-87715","post","type-post","status-publish","format-standard","has-post-thumbnail","hentry","category-minuto-a-minuto","category-zona-blanca","tag-intolerancia-religiosa-oaxaca"],"jetpack_featured_media_url":"https:\/\/zonaroja.com.mx\/wp-content\/uploads\/2025\/12\/Cristianos-aniversario-ley-de-cultos-Oaxaca.jpg","jetpack_sharing_enabled":true,"_links":{"self":[{"href":"https:\/\/zonaroja.com.mx\/index.php?rest_route=\/wp\/v2\/posts\/87715","targetHints":{"allow":["GET"]}}],"collection":[{"href":"https:\/\/zonaroja.com.mx\/index.php?rest_route=\/wp\/v2\/posts"}],"about":[{"href":"https:\/\/zonaroja.com.mx\/index.php?rest_route=\/wp\/v2\/types\/post"}],"author":[{"embeddable":true,"href":"https:\/\/zonaroja.com.mx\/index.php?rest_route=\/wp\/v2\/users\/2"}],"replies":[{"embeddable":true,"href":"https:\/\/zonaroja.com.mx\/index.php?rest_route=%2Fwp%2Fv2%2Fcomments&post=87715"}],"version-history":[{"count":1,"href":"https:\/\/zonaroja.com.mx\/index.php?rest_route=\/wp\/v2\/posts\/87715\/revisions"}],"predecessor-version":[{"id":87716,"href":"https:\/\/zonaroja.com.mx\/index.php?rest_route=\/wp\/v2\/posts\/87715\/revisions\/87716"}],"wp:featuredmedia":[{"embeddable":true,"href":"https:\/\/zonaroja.com.mx\/index.php?rest_route=\/wp\/v2\/media\/87671"}],"wp:attachment":[{"href":"https:\/\/zonaroja.com.mx\/index.php?rest_route=%2Fwp%2Fv2%2Fmedia&parent=87715"}],"wp:term":[{"taxonomy":"category","embeddable":true,"href":"https:\/\/zonaroja.com.mx\/index.php?rest_route=%2Fwp%2Fv2%2Fcategories&post=87715"},{"taxonomy":"post_tag","embeddable":true,"href":"https:\/\/zonaroja.com.mx\/index.php?rest_route=%2Fwp%2Fv2%2Ftags&post=87715"}],"curies":[{"name":"wp","href":"https:\/\/api.w.org\/{rel}","templated":true}]}}