{"id":87720,"date":"2025-12-06T14:49:00","date_gmt":"2025-12-06T20:49:00","guid":{"rendered":"https:\/\/zonaroja.com.mx\/?p=87720"},"modified":"2025-12-06T07:50:38","modified_gmt":"2025-12-06T13:50:38","slug":"tipifica-el-congreso-conductas-de-violacion-a-la-intimidad-sexual-digital-a-traves-del-uso-de-ia","status":"publish","type":"post","link":"https:\/\/zonaroja.com.mx\/?p=87720","title":{"rendered":"Tipifica el Congreso conductas de violaci\u00f3n a la intimidad sexual digital a trav\u00e9s del uso de IA"},"content":{"rendered":"\n<p>Redacci\u00f3n\/Zona Roja.<\/p>\n\n\n\n<p>Oaxaca, Oax., a 6 de diciembre de 2025.- Con el fin de fortalecer el marco jur\u00eddico penal para regular el uso de la Inteligencia Artificial (IA) en la comisi\u00f3n de delitos, el Congreso local aprob\u00f3 diversas adiciones al C\u00f3digo Penal del Estado, para establecer medidas que permitan prevenir, sancionar y controlar conductas delictivas cometidas mediante esta herramienta, como la manipulaci\u00f3n digital de im\u00e1genes, audios y videos con fines de suplantaci\u00f3n, falsificaci\u00f3n y vulneraci\u00f3n a la intimidad sexual.<\/p>\n\n\n\n<p>En este sentido, se adiciona el Cap\u00edtulo X \u201cInteligencia Artificial\u201d del T\u00edtulo Cuarto \u201cPunibilidades complementarias\u201d y el Art\u00edculo 72 Bis, en el cual establece un incremento de penas cuando la IA sea empleada como medio comisivo en la ejecuci\u00f3n de conductas delictivas.<\/p>\n\n\n\n<p>Asimismo, se adicion\u00f3 el p\u00e1rrafo cuarto del art\u00edculo 249 del Cap\u00edtulo II \u201cDelitos contra la Intimidad Sexual\u201d, estableciendo las penas para sancionar a quien utilice esta herramienta para crear o difundir hechos falsos con contenido \u00edntimo manipulado sin consentimiento, con el prop\u00f3sito de exponer, distribuir, difundir, exhibir, reproducir, transmitir, comercializar, ofertar, intercambiar o compartir a trav\u00e9s de materiales impresos, redes sociales o cualquier medio tecnol\u00f3gico.<\/p>\n\n\n\n<p>Esta iniciativa fue presentada por las legisladoras Biaani Palomec Enr\u00edquez, Analy Peral Vivar y Sandra Daniela Taurino Jim\u00e9nez, as\u00ed como el diputado Isa\u00edas Carranza Secundino, la cual responde a la necesidad creciente de garantizar la protecci\u00f3n de los derechos fundamentales ante los desaf\u00edos que plantean las nuevas tecnolog\u00edas.<\/p>\n\n\n\n<p>Sum\u00e1ndose a los esfuerzos nacionales e internacionales por crear un entorno jur\u00eddico capaz de enfrentar fen\u00f3menos como el deepfake y el uso de la Red Generativa Antag\u00f3nica (RCA), cuyos usos indebidos ponen en riesgo la seguridad, la privacidad y la integridad de las personas.<\/p>\n\n\n\n<p>La Comisi\u00f3n Permanente de Administraci\u00f3n y Procuraci\u00f3n de Justicia, indic\u00f3 que esta reforma permitir\u00e1 dotar al Estado de herramientas efectivas para enfrentar delitos cometidos mediante tecnolog\u00edas avanzadas, al tiempo de mantener un equilibrio entre el impulso a la innovaci\u00f3n y la protecci\u00f3n de la ciudadan\u00eda frente a usos malintencionados.<\/p>\n\n\n\n<p>Este dictamen fue aprobado con 31 votos en Sesi\u00f3n Ordinaria del pasado 02 de diciembre del presente a\u00f1o.<\/p>\n","protected":false},"excerpt":{"rendered":"<p>Redacci\u00f3n\/Zona Roja. Oaxaca, Oax., a 6 de diciembre de 2025.- Con el fin de fortalecer&hellip;<\/p>\n","protected":false},"author":2,"featured_media":87710,"comment_status":"closed","ping_status":"open","sticky":false,"template":"","format":"standard","meta":{"_lmt_disableupdate":"","_lmt_disable":"","_jetpack_memberships_contains_paid_content":false,"footnotes":""},"categories":[109,46],"tags":[303],"class_list":["post-87720","post","type-post","status-publish","format-standard","has-post-thumbnail","hentry","category-minuto-a-minuto","category-zona-blanca","tag-congreso-del-estado-de-oaxaca"],"jetpack_featured_media_url":"https:\/\/zonaroja.com.mx\/wp-content\/uploads\/2025\/12\/Poder-Legislativo-tipifica-conductas-de-violacion-a-la-intimidad-sexual-digital-a-traves-del-uso-de-la-Inteligencia-Artificial01.jpeg","jetpack_sharing_enabled":true,"_links":{"self":[{"href":"https:\/\/zonaroja.com.mx\/index.php?rest_route=\/wp\/v2\/posts\/87720","targetHints":{"allow":["GET"]}}],"collection":[{"href":"https:\/\/zonaroja.com.mx\/index.php?rest_route=\/wp\/v2\/posts"}],"about":[{"href":"https:\/\/zonaroja.com.mx\/index.php?rest_route=\/wp\/v2\/types\/post"}],"author":[{"embeddable":true,"href":"https:\/\/zonaroja.com.mx\/index.php?rest_route=\/wp\/v2\/users\/2"}],"replies":[{"embeddable":true,"href":"https:\/\/zonaroja.com.mx\/index.php?rest_route=%2Fwp%2Fv2%2Fcomments&post=87720"}],"version-history":[{"count":1,"href":"https:\/\/zonaroja.com.mx\/index.php?rest_route=\/wp\/v2\/posts\/87720\/revisions"}],"predecessor-version":[{"id":87721,"href":"https:\/\/zonaroja.com.mx\/index.php?rest_route=\/wp\/v2\/posts\/87720\/revisions\/87721"}],"wp:featuredmedia":[{"embeddable":true,"href":"https:\/\/zonaroja.com.mx\/index.php?rest_route=\/wp\/v2\/media\/87710"}],"wp:attachment":[{"href":"https:\/\/zonaroja.com.mx\/index.php?rest_route=%2Fwp%2Fv2%2Fmedia&parent=87720"}],"wp:term":[{"taxonomy":"category","embeddable":true,"href":"https:\/\/zonaroja.com.mx\/index.php?rest_route=%2Fwp%2Fv2%2Fcategories&post=87720"},{"taxonomy":"post_tag","embeddable":true,"href":"https:\/\/zonaroja.com.mx\/index.php?rest_route=%2Fwp%2Fv2%2Ftags&post=87720"}],"curies":[{"name":"wp","href":"https:\/\/api.w.org\/{rel}","templated":true}]}}