{"id":87723,"date":"2025-12-06T14:53:00","date_gmt":"2025-12-06T20:53:00","guid":{"rendered":"https:\/\/zonaroja.com.mx\/?p=87723"},"modified":"2025-12-06T14:53:00","modified_gmt":"2025-12-06T20:53:00","slug":"seccion-22-concluye-su-viii-prepleno-salimos-unidos-y-con-fuerza-yenny-araceli-perez","status":"publish","type":"post","link":"https:\/\/zonaroja.com.mx\/?p=87723","title":{"rendered":"Secci\u00f3n 22 concluye su VIII Prepleno; \u00absalimos unidos y con fuerza\u00bb: Yenny Araceli P\u00e9rez&nbsp;"},"content":{"rendered":"\n<p>Lisbeth Mej\u00eda Reyes\/Zona Roja.&nbsp;<\/p>\n\n\n\n<p>Oaxaca, Oaxaca., a 6 de diciembre de 2025.- Al asegurar que culminaron unidos, con m\u00e1s fuerza y con resolutivos para salir nuevamente a las calles, docentes de la Secci\u00f3n 22 del Sindicato Nacional de Trabajadores de la Educaci\u00f3n (SNTE) y de la Coordinadora Nacional de Trabajadores de la Educaci\u00f3n (CNTE) concluyeron este s\u00e1bado su VIII Prepleno Democr\u00e1tico Ordinario, un ejercicio de revisi\u00f3n de sus \u00f3rganos de representaci\u00f3n, que se realiz\u00f3 desde el pasado 2 de diciembre en la ciudad de Oaxaca.<\/p>\n\n\n\n<p>\u00abCon esto tambi\u00e9n queremos enviar un mensaje a los gobiernos estatal y federal: que hoy salimos unificados de este VII Prepleno, que salimos con fuerza, que salimos con acuerdos, con resolutivos y tareas para un plan de acci\u00f3n a corto, mediano y largo plazo, que aqu\u00ed estaremos nuevamente saliendo a las calles por la abrogaci\u00f3n de la reforma educativa Pe\u00f1a-AMLO-Sheinbaum y por la abrogaci\u00f3n de la Ley del ISSSTE 2007. Que quede claro que la Secci\u00f3n 22 seguir\u00e1 en pie de lucha\u00bb, apunt\u00f3 Yenny Araceli P\u00e9rez Mart\u00ednez, secretaria general de la Secci\u00f3n 22 en su mensaje de clausura.<\/p>\n\n\n\n<p>Desde el auditorio \u201cEnedino Jim\u00e9nez\u201d, del hotel del Magisterio, la secretaria general expres\u00f3 que este Prepleno Democr\u00e1tico les ha permitido redireccionar el actuar del comit\u00e9 seccional, tambi\u00e9n un an\u00e1lisis y debate. Asimismo, llam\u00f3 a las y los integrantes del comit\u00e9 seccional a seguir las tareas que les encomendaron desde el XII pre congreso del 2022.<\/p>\n\n\n\n<p>En este prepleno democr\u00e1tico ordinario, que no se realizaba desde hace 11 a\u00f1os, \u00abse hicieron las observaciones, los se\u00f1alamientos y las acciones correspondientes porque as\u00ed lo dictan nuestros principios rectores\u00bb, detall\u00f3 P\u00e9rez Mart\u00ednez sobre el ejercicio sindical del tambi\u00e9n Movimiento Democr\u00e1tico de los Trabajadores de la Educaci\u00f3n de Oaxaca (MDTEO).<\/p>\n\n\n\n<p>La representante tambi\u00e9n exhort\u00f3 a que no se vuelva a repetir un comit\u00e9 seccional donde no se haga este ejercicio democr\u00e1tico de rendici\u00f3n de cuentas, ya que el prepleno permite que el movimiento tenga vigencia.<\/p>\n\n\n\n<p>El prepleno concluy\u00f3 alrededor de las 6:00 horas de este s\u00e1bado 6 de noviembre y tras esto la gremial march\u00f3 hacia el z\u00f3calo de la ciudad.<\/p>\n","protected":false},"excerpt":{"rendered":"<p>Lisbeth Mej\u00eda Reyes\/Zona Roja.&nbsp; Oaxaca, Oaxaca., a 6 de diciembre de 2025.- Al asegurar que&hellip;<\/p>\n","protected":false},"author":2,"featured_media":87722,"comment_status":"closed","ping_status":"open","sticky":false,"template":"","format":"standard","meta":{"_lmt_disableupdate":"","_lmt_disable":"","_jetpack_memberships_contains_paid_content":false,"footnotes":""},"categories":[109,47],"tags":[312],"class_list":["post-87723","post","type-post","status-publish","format-standard","has-post-thumbnail","hentry","category-minuto-a-minuto","category-zona-gris","tag-seccion-22-del-snte"],"jetpack_featured_media_url":"https:\/\/zonaroja.com.mx\/wp-content\/uploads\/2025\/12\/Prepleno-Seccion-22.jpg","jetpack_sharing_enabled":true,"_links":{"self":[{"href":"https:\/\/zonaroja.com.mx\/index.php?rest_route=\/wp\/v2\/posts\/87723","targetHints":{"allow":["GET"]}}],"collection":[{"href":"https:\/\/zonaroja.com.mx\/index.php?rest_route=\/wp\/v2\/posts"}],"about":[{"href":"https:\/\/zonaroja.com.mx\/index.php?rest_route=\/wp\/v2\/types\/post"}],"author":[{"embeddable":true,"href":"https:\/\/zonaroja.com.mx\/index.php?rest_route=\/wp\/v2\/users\/2"}],"replies":[{"embeddable":true,"href":"https:\/\/zonaroja.com.mx\/index.php?rest_route=%2Fwp%2Fv2%2Fcomments&post=87723"}],"version-history":[{"count":1,"href":"https:\/\/zonaroja.com.mx\/index.php?rest_route=\/wp\/v2\/posts\/87723\/revisions"}],"predecessor-version":[{"id":87724,"href":"https:\/\/zonaroja.com.mx\/index.php?rest_route=\/wp\/v2\/posts\/87723\/revisions\/87724"}],"wp:featuredmedia":[{"embeddable":true,"href":"https:\/\/zonaroja.com.mx\/index.php?rest_route=\/wp\/v2\/media\/87722"}],"wp:attachment":[{"href":"https:\/\/zonaroja.com.mx\/index.php?rest_route=%2Fwp%2Fv2%2Fmedia&parent=87723"}],"wp:term":[{"taxonomy":"category","embeddable":true,"href":"https:\/\/zonaroja.com.mx\/index.php?rest_route=%2Fwp%2Fv2%2Fcategories&post=87723"},{"taxonomy":"post_tag","embeddable":true,"href":"https:\/\/zonaroja.com.mx\/index.php?rest_route=%2Fwp%2Fv2%2Ftags&post=87723"}],"curies":[{"name":"wp","href":"https:\/\/api.w.org\/{rel}","templated":true}]}}