{"id":87725,"date":"2025-12-06T15:21:31","date_gmt":"2025-12-06T21:21:31","guid":{"rendered":"https:\/\/zonaroja.com.mx\/?p=87725"},"modified":"2025-12-06T15:21:31","modified_gmt":"2025-12-06T21:21:31","slug":"hallan-a-torturado-y-ejecutado-en-el-istmo-asaltan-vehiculo-de-mercado-libre","status":"publish","type":"post","link":"https:\/\/zonaroja.com.mx\/?p=87725","title":{"rendered":"Hallan a torturado y ejecutado en el Istmo; asaltan veh\u00edculo de Mercado Libre&nbsp;"},"content":{"rendered":"\n<p>Ismael Garc\u00eda M.\/Zona Roja.&nbsp;<\/p>\n\n\n\n<p>Oaxaca, Oax., a 6 de diciembre de 2025.- Una persona del sexo masculino fue hallada hoy torturada, maniatada, ejecutada y con \u201cnarcomensaje\u201d, en la regi\u00f3n del Istmo.&nbsp;<\/p>\n\n\n\n<p>Fue en el tramo carretero La Ventosa, Juchit\u00e1n-Mat\u00edas Romero, a la altura del crucero a La Mata, localidad de Asunci\u00f3n Ixtaltepec, en que fue localizado el cad\u00e1ver. &nbsp;<\/p>\n\n\n\n<p>A un lado se hall\u00f3 un supuesto \u201cnarcomensaje\u201d, cuyo contenido se ignora hasta el momento.&nbsp;<\/p>\n\n\n\n<p>La v\u00edctima a\u00fan no ha sido identificada y peritos e investigadores de la Vicefiscal\u00eda Regional del Istmo contin\u00faa con las indagatorias.&nbsp;<\/p>\n\n\n\n<p>Por otra parte, tambi\u00e9n la ma\u00f1ana de este s\u00e1bado pero en el municipio de Santo Domingo Tehuantepec se report\u00f3 el robo de una camioneta de reparto de paqueter\u00eda, de la empresa Mercado Libre.&nbsp;<\/p>\n\n\n\n<p>Poco despu\u00e9s fue hallada en inmediaciones del barrio Lieza pero totalmente saqueada; hasta el momento se desconoce el paradero de los delincuentes con el bot\u00edn.&nbsp;<\/p>\n","protected":false},"excerpt":{"rendered":"<p>Ismael Garc\u00eda M.\/Zona Roja.&nbsp; Oaxaca, Oax., a 6 de diciembre de 2025.- Una persona del&hellip;<\/p>\n","protected":false},"author":2,"featured_media":69717,"comment_status":"closed","ping_status":"open","sticky":false,"template":"","format":"standard","meta":{"_lmt_disableupdate":"","_lmt_disable":"","_jetpack_memberships_contains_paid_content":false,"footnotes":""},"categories":[109,51],"tags":[],"class_list":["post-87725","post","type-post","status-publish","format-standard","has-post-thumbnail","hentry","category-minuto-a-minuto","category-zona-roja"],"jetpack_featured_media_url":"https:\/\/zonaroja.com.mx\/wp-content\/uploads\/2024\/06\/Escena-del-crimen-asesinato.jpeg","jetpack_sharing_enabled":true,"_links":{"self":[{"href":"https:\/\/zonaroja.com.mx\/index.php?rest_route=\/wp\/v2\/posts\/87725","targetHints":{"allow":["GET"]}}],"collection":[{"href":"https:\/\/zonaroja.com.mx\/index.php?rest_route=\/wp\/v2\/posts"}],"about":[{"href":"https:\/\/zonaroja.com.mx\/index.php?rest_route=\/wp\/v2\/types\/post"}],"author":[{"embeddable":true,"href":"https:\/\/zonaroja.com.mx\/index.php?rest_route=\/wp\/v2\/users\/2"}],"replies":[{"embeddable":true,"href":"https:\/\/zonaroja.com.mx\/index.php?rest_route=%2Fwp%2Fv2%2Fcomments&post=87725"}],"version-history":[{"count":1,"href":"https:\/\/zonaroja.com.mx\/index.php?rest_route=\/wp\/v2\/posts\/87725\/revisions"}],"predecessor-version":[{"id":87726,"href":"https:\/\/zonaroja.com.mx\/index.php?rest_route=\/wp\/v2\/posts\/87725\/revisions\/87726"}],"wp:featuredmedia":[{"embeddable":true,"href":"https:\/\/zonaroja.com.mx\/index.php?rest_route=\/wp\/v2\/media\/69717"}],"wp:attachment":[{"href":"https:\/\/zonaroja.com.mx\/index.php?rest_route=%2Fwp%2Fv2%2Fmedia&parent=87725"}],"wp:term":[{"taxonomy":"category","embeddable":true,"href":"https:\/\/zonaroja.com.mx\/index.php?rest_route=%2Fwp%2Fv2%2Fcategories&post=87725"},{"taxonomy":"post_tag","embeddable":true,"href":"https:\/\/zonaroja.com.mx\/index.php?rest_route=%2Fwp%2Fv2%2Ftags&post=87725"}],"curies":[{"name":"wp","href":"https:\/\/api.w.org\/{rel}","templated":true}]}}