{"id":87730,"date":"2025-12-07T09:45:00","date_gmt":"2025-12-07T15:45:00","guid":{"rendered":"https:\/\/zonaroja.com.mx\/?p=87730"},"modified":"2025-12-07T06:36:12","modified_gmt":"2025-12-07T12:36:12","slug":"entrega-gobierno-97-patrullas-y-motopatrullas-a-37-municipios","status":"publish","type":"post","link":"https:\/\/zonaroja.com.mx\/?p=87730","title":{"rendered":"Entrega gobierno 97 patrullas y motopatrullas a 37 municipios"},"content":{"rendered":"\n<p>Redacci\u00f3n\/Zona Roja.<\/p>\n\n\n\n<p>Oaxaca, Oax., a 7 de diciembre de 2025.- Con una inversi\u00f3n de 37 millones 81 mil pesos, el gobernador Salom\u00f3n Jara Cruz entreg\u00f3 ayer 94 veh\u00edculos especializados para el fortalecimiento de instituciones de seguridad p\u00fablica y procuraci\u00f3n de justicia en 37 municipios de Oaxaca.<\/p>\n\n\n\n<p>Esta acci\u00f3n garantizar\u00e1 respuestas m\u00e1s r\u00e1pidas ante emergencias, rondines preventivos en zonas de mayor incidencia delictiva y la ampliaci\u00f3n de la cobertura policial.<\/p>\n\n\n\n<p>A nombre del mandatario oaxaque\u00f1o, la titular del Secretariado Ejecutivo del Sistema Estatal de Seguridad P\u00fablica (SESESP), Karina Bar\u00f3n Ortiz inform\u00f3 que la entrega consisti\u00f3 en camionetas pick up equipadas como patrullas para ocho localidades y motopatrullas para otras 29; adem\u00e1s de camionetas para la Fiscal\u00eda General del Estado (FGEO) y la Universidad de la Seguridad P\u00fablica y Paz Social de Oaxaca (Usepaz).&nbsp;&nbsp;<\/p>\n\n\n\n<p>\u201cEstos resultados son reflejo del compromiso inquebrantable del Mandatario estatal con la construcci\u00f3n de paz y la estrategia que encabeza para garantizar tranquilidad al pueblo de Oaxaca. Gracias a su liderazgo caminamos con rumbo claro, consolidando el sistema estatal de seguridad m\u00e1s fuerte, profesional y estrat\u00e9gico que la entidad ha tenido\u201d, destac\u00f3.&nbsp;&nbsp;<\/p>\n\n\n\n<p>El titular de la FGEO, Bernardo Rodr\u00edguez Alamilla resalt\u00f3 que estas herramientas han coadyuvado a la disminuci\u00f3n de la incidencia delictiva en un 22 por ciento durante los \u00faltimos tres a\u00f1os. \u201cExiste un compromiso, voluntad y liderazgo que nos anima por parte del Gobernador para trabajar todos los d\u00edas\u201d, agreg\u00f3. &nbsp;<\/p>\n\n\n\n<p>A nombre de las y los presidentes municipales, la edil de San Juan Evangelista Analco, Petra Santiago Reyes destac\u00f3 que estos veh\u00edculos son un incentivo para las corporaciones policiales porque reflejan el respaldo de los tres niveles de gobierno \u201cCuando hay voluntad las cosas buenas suceden, hoy lo vemos con hechos, no con palabras\u201d, dijo.<\/p>\n\n\n\n<p>Entre los municipios beneficiados se encuentran: Oaxaca de Ju\u00e1rez, Santa Cruz Xoxocotl\u00e1n, Santa Luc\u00eda del Camino, Heroica Ciudad de Ejutla de Crespo, Santa Mar\u00eda Cortijo, San Felipe Usila, entre otras.&nbsp;<\/p>\n","protected":false},"excerpt":{"rendered":"<p>Redacci\u00f3n\/Zona Roja. Oaxaca, Oax., a 7 de diciembre de 2025.- Con una inversi\u00f3n de 37&hellip;<\/p>\n","protected":false},"author":2,"featured_media":87733,"comment_status":"closed","ping_status":"open","sticky":false,"template":"","format":"standard","meta":{"_lmt_disableupdate":"","_lmt_disable":"","_jetpack_memberships_contains_paid_content":false,"footnotes":""},"categories":[109,46],"tags":[939],"class_list":["post-87730","post","type-post","status-publish","format-standard","has-post-thumbnail","hentry","category-minuto-a-minuto","category-zona-blanca","tag-salomon-jara-cruz"],"jetpack_featured_media_url":"https:\/\/zonaroja.com.mx\/wp-content\/uploads\/2025\/12\/Gobierno-de-Oaxaca-fortalece-la-seguridad-y-justicia-en-37-municipios-con-entrega-de-vehiculos-especializados-2.jpeg","jetpack_sharing_enabled":true,"_links":{"self":[{"href":"https:\/\/zonaroja.com.mx\/index.php?rest_route=\/wp\/v2\/posts\/87730","targetHints":{"allow":["GET"]}}],"collection":[{"href":"https:\/\/zonaroja.com.mx\/index.php?rest_route=\/wp\/v2\/posts"}],"about":[{"href":"https:\/\/zonaroja.com.mx\/index.php?rest_route=\/wp\/v2\/types\/post"}],"author":[{"embeddable":true,"href":"https:\/\/zonaroja.com.mx\/index.php?rest_route=\/wp\/v2\/users\/2"}],"replies":[{"embeddable":true,"href":"https:\/\/zonaroja.com.mx\/index.php?rest_route=%2Fwp%2Fv2%2Fcomments&post=87730"}],"version-history":[{"count":1,"href":"https:\/\/zonaroja.com.mx\/index.php?rest_route=\/wp\/v2\/posts\/87730\/revisions"}],"predecessor-version":[{"id":87734,"href":"https:\/\/zonaroja.com.mx\/index.php?rest_route=\/wp\/v2\/posts\/87730\/revisions\/87734"}],"wp:featuredmedia":[{"embeddable":true,"href":"https:\/\/zonaroja.com.mx\/index.php?rest_route=\/wp\/v2\/media\/87733"}],"wp:attachment":[{"href":"https:\/\/zonaroja.com.mx\/index.php?rest_route=%2Fwp%2Fv2%2Fmedia&parent=87730"}],"wp:term":[{"taxonomy":"category","embeddable":true,"href":"https:\/\/zonaroja.com.mx\/index.php?rest_route=%2Fwp%2Fv2%2Fcategories&post=87730"},{"taxonomy":"post_tag","embeddable":true,"href":"https:\/\/zonaroja.com.mx\/index.php?rest_route=%2Fwp%2Fv2%2Ftags&post=87730"}],"curies":[{"name":"wp","href":"https:\/\/api.w.org\/{rel}","templated":true}]}}