{"id":87737,"date":"2025-12-07T10:45:00","date_gmt":"2025-12-07T16:45:00","guid":{"rendered":"https:\/\/zonaroja.com.mx\/?p=87737"},"modified":"2025-12-07T06:57:15","modified_gmt":"2025-12-07T12:57:15","slug":"en-prepleno-sanciono-la-seccion-22-a-dos-integrantes-del-comite-ejecutivo","status":"publish","type":"post","link":"https:\/\/zonaroja.com.mx\/?p=87737","title":{"rendered":"En Prepleno, sancion\u00f3 la Secci\u00f3n 22 a dos integrantes del comit\u00e9 ejecutivo\u00a0"},"content":{"rendered":"\n<p>Ismael Garc\u00eda M.\/Zona Roja.<\/p>\n\n\n\n<p>Oaxaca, Oax., a 7 de diciembre de 2025.- Dos integrantes del Comit\u00e9 Ejecutivo Seccional fueron sancionados en el reciente VIII Prepleno, que concluy\u00f3 ayer por la madrugada luego de cuatro d\u00edas de sesiones.<\/p>\n\n\n\n<p>De acuerdo con fuentes magisteriales, se trata de Armando Flores Garrido, titular de la Secretar\u00eda de Jubilados y Pensionados, y Sandra Trejo Garc\u00eda, auxiliar de la Secretar\u00eda de Trabajo y Conflictos de Educaci\u00f3n Media Superior y Superior.<\/p>\n\n\n\n<p>A ambos se les aplic\u00f3 el llamado Principio Rector 20, que consiste en la destituci\u00f3n del cargo, por presuntos actos de corrupci\u00f3n, los cuales no se han dado a conocer hasta el momento.<\/p>\n\n\n\n<p>\u201cDespu\u00e9s de cuatro d\u00edas de un arduo trabajo en este VIII Prepleno democr\u00e1tico, como representantes de este movimiento, reconocemos ese compromiso que asumieron en estos d\u00edas con el MTDEO (Movimiento de Trabajadores Democr\u00e1ticos del Estado de Oaxaca).<\/p>\n\n\n\n<p>\u201cSin duda alguna este espacio nos ha permitido redireccionar el actuar de este Comit\u00e9 Ejecutivo Seccional\u2026 cuando se violentan los principios desde la representaci\u00f3n seccional se aplican nuestros principios rectores.<\/p>\n\n\n\n<p>\u201cSe hicieron las observaciones, los se\u00f1alamientos y las sanciones correspondientes porque as\u00ed lo dictan nuestros principios rectores. Que no se vuelva a repetir un Comit\u00e9 Seccional donde no se haga este ejercicio democr\u00e1tico de rendici\u00f3n de cuentas\u201d, dijo la secretaria General de la gremial, Yenny Aracely P\u00e9rez Mart\u00ednez.<\/p>\n\n\n\n<p>Durante su mensaje de clausura, destac\u00f3 que la Secci\u00f3n 22 sigue siendo referente de la lucha sindical a nivel nacional.<\/p>\n\n\n\n<p>\u201cQue quede claro que la Secci\u00f3n 22 seguir\u00e1 en pie de lucha\u201d, dijo, al clausurar a las 06:49 horas el VIII Prepleno.<\/p>\n\n\n\n<p>Durante cuatro d\u00edas, en el llamado Hotel del Magisterio, ubicado en el barrio Ex Marquesado de la ciudad de Oaxaca, as\u00ed como en sedes alternas, se llev\u00f3 a cabo esta asamblea, en que los integrantes de la dirigencia rindieron un informe de las actividades que han realizado en los \u00faltimos tres a\u00f1os.<\/p>\n","protected":false},"excerpt":{"rendered":"<p>Ismael Garc\u00eda M.\/Zona Roja. Oaxaca, Oax., a 7 de diciembre de 2025.- Dos integrantes del&hellip;<\/p>\n","protected":false},"author":2,"featured_media":87731,"comment_status":"closed","ping_status":"open","sticky":false,"template":"","format":"standard","meta":{"_lmt_disableupdate":"","_lmt_disable":"","_jetpack_memberships_contains_paid_content":false,"footnotes":""},"categories":[109,46],"tags":[312],"class_list":["post-87737","post","type-post","status-publish","format-standard","has-post-thumbnail","hentry","category-minuto-a-minuto","category-zona-blanca","tag-seccion-22-del-snte"],"jetpack_featured_media_url":"https:\/\/zonaroja.com.mx\/wp-content\/uploads\/2025\/12\/Prepleno-VIII-seccion-22.jpg","jetpack_sharing_enabled":true,"_links":{"self":[{"href":"https:\/\/zonaroja.com.mx\/index.php?rest_route=\/wp\/v2\/posts\/87737","targetHints":{"allow":["GET"]}}],"collection":[{"href":"https:\/\/zonaroja.com.mx\/index.php?rest_route=\/wp\/v2\/posts"}],"about":[{"href":"https:\/\/zonaroja.com.mx\/index.php?rest_route=\/wp\/v2\/types\/post"}],"author":[{"embeddable":true,"href":"https:\/\/zonaroja.com.mx\/index.php?rest_route=\/wp\/v2\/users\/2"}],"replies":[{"embeddable":true,"href":"https:\/\/zonaroja.com.mx\/index.php?rest_route=%2Fwp%2Fv2%2Fcomments&post=87737"}],"version-history":[{"count":1,"href":"https:\/\/zonaroja.com.mx\/index.php?rest_route=\/wp\/v2\/posts\/87737\/revisions"}],"predecessor-version":[{"id":87738,"href":"https:\/\/zonaroja.com.mx\/index.php?rest_route=\/wp\/v2\/posts\/87737\/revisions\/87738"}],"wp:featuredmedia":[{"embeddable":true,"href":"https:\/\/zonaroja.com.mx\/index.php?rest_route=\/wp\/v2\/media\/87731"}],"wp:attachment":[{"href":"https:\/\/zonaroja.com.mx\/index.php?rest_route=%2Fwp%2Fv2%2Fmedia&parent=87737"}],"wp:term":[{"taxonomy":"category","embeddable":true,"href":"https:\/\/zonaroja.com.mx\/index.php?rest_route=%2Fwp%2Fv2%2Fcategories&post=87737"},{"taxonomy":"post_tag","embeddable":true,"href":"https:\/\/zonaroja.com.mx\/index.php?rest_route=%2Fwp%2Fv2%2Ftags&post=87737"}],"curies":[{"name":"wp","href":"https:\/\/api.w.org\/{rel}","templated":true}]}}