{"id":8775,"date":"2020-02-14T21:35:42","date_gmt":"2020-02-15T03:35:42","guid":{"rendered":"http:\/\/www.zonaroja.com.mx\/?p=8775"},"modified":"2020-02-14T21:35:45","modified_gmt":"2020-02-15T03:35:45","slug":"protestan-este-sabado-en-oaxaca-para-exigir-justicia-para-ingrid-victima-de-feminicidio","status":"publish","type":"post","link":"https:\/\/zonaroja.com.mx\/?p=8775","title":{"rendered":"Protestan este s\u00e1bado en Oaxaca para exigir justicia para Ingrid, v\u00edctima de feminicidio"},"content":{"rendered":"\n<p>Evlin Arag\u00f3n\/Zona Roja.<\/p>\n\n\n\n<p>Oaxaca de Ju\u00e1rez, Oax., 14 de febrero\nde 2020.- Colectivos feministas y de mujeres en Oaxaca realizar\u00e1n este s\u00e1bado\nuna marcha en la capital del estado para exigir justicia para Ingrid Escamilla\nVargas, joven asesinada y desollada en la Ciudad de M\u00e9xico el pasado 8 de\nfebrero, cuyas im\u00e1genes del crimen fueron difundidas en medios de comunicaci\u00f3n\ny redes sociales, causando la indignaci\u00f3n de un importante sector social.<\/p>\n\n\n\n<p>De acuerdo con lo expuesto en p\u00e1ginas\ncomo Feministas Oaxaca, Marea Verde Oaxaca, Filmufe, entre otras, la\nconvocatoria inicia con una concentraci\u00f3n en el Paseo Ju\u00e1rez \u201cEl Llano\u201d en\npunto de las 16:00 horas, misma que ha sido convocada como separatista, es\ndecir solo pueden participar mujeres como han sido las m\u00e1s recientes\nmovilizaciones de los colectivos feministas en la entidad y el pa\u00eds.<\/p>\n\n\n\n<p>\u201cDescansa t\u00fa, Ingrid, que nosotras no\nlos vamos a dejar en paz\u201d, ha sido una de los principales frases que acompa\u00f1an\nlas convocatorias de las movilizaciones que se realizan en varios estados de la\nRep\u00fablica y en la Ciudad de M\u00e9xico donde este viernes se llevar\u00e1n a cabo las\nprotestas cuyo requisito es llevar velas, flores y la digna rabia de las\nmujeres.<\/p>\n\n\n\n<p>De igual forma, las convocantes han\npedido que la cobertura medi\u00e1tica sea realizada exclusivamente por mujeres\nperiodistas y aliadas. \u201cLa presencia de reporteros hombres, ser\u00e1 considerado un\nacto de provocaci\u00f3n\u201d, cita la convocatoria adem\u00e1s de rechazar a la prensa\namarillista que lucra con la movilizaci\u00f3n social y la organizaci\u00f3n de las\nmujeres que exigen un alto a la violencia en su contra.<\/p>\n\n\n\n<p>\u201cPor Ingrid, por las asesinadas en el\npa\u00eds, por las asesinadas en Oaxaca. No nos callaremos ante este pa\u00eds\nfeminicida, ante la prensa indolente y amarillista. Saquemos nuestra rabia\u201d,\nrefieren en la convocatoria.<\/p>\n\n\n\n<p>Debido a los antecedentes en\nmovilizaciones feministas anteriores las convocantes han difundido un dec\u00e1logo\nde cuidados previos, durante y despu\u00e9s de la actividad, el cual incluye ir\nacompa\u00f1ada de otras mujeres; no caer en provocaciones, pero responder ante\ncualquier agresi\u00f3n.<\/p>\n\n\n\n<p>Asimismo, en caso de tomar fotos, no\ndejar registro del rostro de las participantes en la movilizaci\u00f3n; crear una\nred de compa\u00f1eras para avisar que llegaron bien a sus casas al finalizar la\nmanifestaci\u00f3n, entre otras.<\/p>\n\n\n\n<p>El caso de Ingrid trascendi\u00f3 a nivel\ninternacional debido a la sa\u00f1a con la que fue asesinada y la revictimizaci\u00f3n\nque hicieron de ella algunos medios nacionales de informaci\u00f3n y usuarios de las\nredes sociales al exponer las im\u00e1genes del cuerpo de la joven, luego de haber\nsido apu\u00f1alado en varias ocasiones, cercenado y desollado por su pareja\nsentimental quien p\u00fablicamente acept\u00f3 la agresi\u00f3n.<\/p>\n\n\n\n<p>\u00c9rick Francisco, feminicida confeso de\nla joven,&nbsp; utiliz\u00f3 un cuchillo de cocina\npara arrancarle la piel desde la cabeza hasta las rodillas, adem\u00e1s de quitarle\ndiversos \u00f3rganos del cuerpo, que al principio los tir\u00f3 por la taza del ba\u00f1o y\nque terminaron tapando el drenaje.<\/p>\n\n\n\n<p>El morbo por ver las im\u00e1genes del\ncuerpo destrozado de la joven, dio origen a una iniciativa convocada en las\nredes sociales por mujeres feministas, mediante la cual cientos de personas\nsubieron im\u00e1genes con una belleza particular tituladas con el nombre de Ingrid\nEscamilla con el fin de que sean estas fotograf\u00edas y no las del crimen -que\nfueron filtradas- las que aparezcan en las plataformas digitales al momento de\nhacer la b\u00fasqueda.<\/p>\n","protected":false},"excerpt":{"rendered":"<p>Evlin Arag\u00f3n\/Zona Roja. Oaxaca de Ju\u00e1rez, Oax., 14 de febrero de 2020.- Colectivos feministas y&hellip;<\/p>\n","protected":false},"author":2,"featured_media":8776,"comment_status":"closed","ping_status":"open","sticky":false,"template":"","format":"standard","meta":{"_lmt_disableupdate":"","_lmt_disable":"","_jetpack_memberships_contains_paid_content":false,"footnotes":""},"categories":[109,47],"tags":[1376],"class_list":["post-8775","post","type-post","status-publish","format-standard","has-post-thumbnail","hentry","category-minuto-a-minuto","category-zona-gris","tag-ingrid-escamilla-vargas"],"jetpack_featured_media_url":"https:\/\/zonaroja.com.mx\/wp-content\/uploads\/2020\/02\/Ingrid-Escamilla.jpg","jetpack_sharing_enabled":true,"_links":{"self":[{"href":"https:\/\/zonaroja.com.mx\/index.php?rest_route=\/wp\/v2\/posts\/8775","targetHints":{"allow":["GET"]}}],"collection":[{"href":"https:\/\/zonaroja.com.mx\/index.php?rest_route=\/wp\/v2\/posts"}],"about":[{"href":"https:\/\/zonaroja.com.mx\/index.php?rest_route=\/wp\/v2\/types\/post"}],"author":[{"embeddable":true,"href":"https:\/\/zonaroja.com.mx\/index.php?rest_route=\/wp\/v2\/users\/2"}],"replies":[{"embeddable":true,"href":"https:\/\/zonaroja.com.mx\/index.php?rest_route=%2Fwp%2Fv2%2Fcomments&post=8775"}],"version-history":[{"count":1,"href":"https:\/\/zonaroja.com.mx\/index.php?rest_route=\/wp\/v2\/posts\/8775\/revisions"}],"predecessor-version":[{"id":8777,"href":"https:\/\/zonaroja.com.mx\/index.php?rest_route=\/wp\/v2\/posts\/8775\/revisions\/8777"}],"wp:featuredmedia":[{"embeddable":true,"href":"https:\/\/zonaroja.com.mx\/index.php?rest_route=\/wp\/v2\/media\/8776"}],"wp:attachment":[{"href":"https:\/\/zonaroja.com.mx\/index.php?rest_route=%2Fwp%2Fv2%2Fmedia&parent=8775"}],"wp:term":[{"taxonomy":"category","embeddable":true,"href":"https:\/\/zonaroja.com.mx\/index.php?rest_route=%2Fwp%2Fv2%2Fcategories&post=8775"},{"taxonomy":"post_tag","embeddable":true,"href":"https:\/\/zonaroja.com.mx\/index.php?rest_route=%2Fwp%2Fv2%2Ftags&post=8775"}],"curies":[{"name":"wp","href":"https:\/\/api.w.org\/{rel}","templated":true}]}}