{"id":87750,"date":"2025-12-07T17:33:09","date_gmt":"2025-12-07T23:33:09","guid":{"rendered":"https:\/\/zonaroja.com.mx\/?p=87750"},"modified":"2025-12-07T17:33:09","modified_gmt":"2025-12-07T23:33:09","slug":"disfrutan-miles-la-primera-guelaguetza-de-la-chinantla-con-sede-en-tuxtepec","status":"publish","type":"post","link":"https:\/\/zonaroja.com.mx\/?p=87750","title":{"rendered":"Disfrutan miles la primera Guelaguetza de la Chinantla, con sede en Tuxtepec"},"content":{"rendered":"\n<p class=\"MsoNormal\">Redacci\u00f3n\/Zona Roja.&nbsp;<\/p>\n\n\n\n<p class=\"MsoNormal\">Oaxaca, Oax. a 7 de diciembre de 2025.- En un ambiente multicolor y de alegr\u00eda, la Calenda de las Culturas recorri\u00f3 las principales calles de San Juan Bautista Tuxtepec, para dar inicio a la primera edici\u00f3n de la Guelaguetza de la Chinantla, en la que 11 delegaciones compartieron tradiciones, historia y cultura de la regi\u00f3n Cuenca del Papaloapan.<\/p>\n\n\n\n<p class=\"MsoNormal\">El Lienzo Charro Tuxtepecano fue el escenario de esta fiesta de hermandad, encabezada por la representante de la Diosa Cent\u00e9otl 2025, Patricia Casiano Zaragoza; donde cientos de personas disfrutaron de las manifestaciones de los pueblos de la zona, incluyendo de la Heroica Ciudad de Ejutla de Crespo, San Pedro Pochutla y Heroica Ciudad de Huajuapan de Le\u00f3n, delegaciones invitadas.<\/p>\n\n\n\n<p class=\"MsoNormal\">En este marco, la titular de la Secretar\u00eda de Turismo del Estado (Sectur Oaxaca) Saymi Pineda Velasco destac\u00f3 que las Guelaguetzas regionales que se promueven en el gobierno de Salom\u00f3n Jara Cruz, son muestra de que la cultura es un motor de desarrollo que impulsa la econom\u00eda local, fortalece el orgullo comunitario y proyecta a Oaxaca como un destino tur\u00edstico diverso y aut\u00e9ntico.&nbsp;<\/p>\n\n\n\n<p class=\"MsoNormal\">Las personas disfrutaron de las presentaciones de San Lucas Ojitl\u00e1n, San Felipe Jalapa de D\u00edaz, San Juan Bautista Valle Nacional, Loma Bonita, San Pedro Ixcatl\u00e1n, Santiago Jocotepec, San Felipe Usila y la delegaci\u00f3n anfitriona San Juan Bautista Tuxtepec.<\/p>\n","protected":false},"excerpt":{"rendered":"<p>Redacci\u00f3n\/Zona Roja.&nbsp; Oaxaca, Oax. a 7 de diciembre de 2025.- En un ambiente multicolor y&hellip;<\/p>\n","protected":false},"author":2,"featured_media":87746,"comment_status":"closed","ping_status":"open","sticky":false,"template":"","format":"standard","meta":{"_lmt_disableupdate":"","_lmt_disable":"","_jetpack_memberships_contains_paid_content":false,"footnotes":""},"categories":[109,46],"tags":[1031],"class_list":["post-87750","post","type-post","status-publish","format-standard","has-post-thumbnail","hentry","category-minuto-a-minuto","category-zona-blanca","tag-secretaria-de-turismo-oaxaca"],"jetpack_featured_media_url":"https:\/\/zonaroja.com.mx\/wp-content\/uploads\/2025\/12\/Guielaguetza-de-la-Chinantla-Saymi-Pineda-Turismo-Tuxtepec.jpg","jetpack_sharing_enabled":true,"_links":{"self":[{"href":"https:\/\/zonaroja.com.mx\/index.php?rest_route=\/wp\/v2\/posts\/87750","targetHints":{"allow":["GET"]}}],"collection":[{"href":"https:\/\/zonaroja.com.mx\/index.php?rest_route=\/wp\/v2\/posts"}],"about":[{"href":"https:\/\/zonaroja.com.mx\/index.php?rest_route=\/wp\/v2\/types\/post"}],"author":[{"embeddable":true,"href":"https:\/\/zonaroja.com.mx\/index.php?rest_route=\/wp\/v2\/users\/2"}],"replies":[{"embeddable":true,"href":"https:\/\/zonaroja.com.mx\/index.php?rest_route=%2Fwp%2Fv2%2Fcomments&post=87750"}],"version-history":[{"count":1,"href":"https:\/\/zonaroja.com.mx\/index.php?rest_route=\/wp\/v2\/posts\/87750\/revisions"}],"predecessor-version":[{"id":87751,"href":"https:\/\/zonaroja.com.mx\/index.php?rest_route=\/wp\/v2\/posts\/87750\/revisions\/87751"}],"wp:featuredmedia":[{"embeddable":true,"href":"https:\/\/zonaroja.com.mx\/index.php?rest_route=\/wp\/v2\/media\/87746"}],"wp:attachment":[{"href":"https:\/\/zonaroja.com.mx\/index.php?rest_route=%2Fwp%2Fv2%2Fmedia&parent=87750"}],"wp:term":[{"taxonomy":"category","embeddable":true,"href":"https:\/\/zonaroja.com.mx\/index.php?rest_route=%2Fwp%2Fv2%2Fcategories&post=87750"},{"taxonomy":"post_tag","embeddable":true,"href":"https:\/\/zonaroja.com.mx\/index.php?rest_route=%2Fwp%2Fv2%2Ftags&post=87750"}],"curies":[{"name":"wp","href":"https:\/\/api.w.org\/{rel}","templated":true}]}}