{"id":87753,"date":"2025-12-07T19:43:08","date_gmt":"2025-12-08T01:43:08","guid":{"rendered":"https:\/\/zonaroja.com.mx\/?p=87753"},"modified":"2025-12-07T19:43:10","modified_gmt":"2025-12-08T01:43:10","slug":"opinion-en-pleno-siglo-xxi-persiste-el-oscurantismo-religioso","status":"publish","type":"post","link":"https:\/\/zonaroja.com.mx\/?p=87753","title":{"rendered":"Opini\u00f3n. En pleno siglo XXI, persiste el oscurantismo religioso"},"content":{"rendered":"\n<p>Porfirio Flores Z\u00fa\u00f1iga*<\/p>\n\n\n\n<p>A Benito Ju\u00e1rez Garc\u00eda le toc\u00f3 vivir una etapa de la historia en la que,&nbsp;a pesar de la Independencia de M\u00e9xico, la iglesia cat\u00f3lica manten\u00eda intocados sus privilegios. ElPatricio ten\u00eda 15 a\u00f1os cuando se consum\u00f3 la independencia nacional y 18 cuando se plasm\u00f3 la primera Constituci\u00f3n del pa\u00eds que establec\u00eda como religi\u00f3n oficial la cat\u00f3lica.<\/p>\n\n\n\n<p>Vivi\u00f3 en carne propia la continuidad&nbsp;opresiva del imperio espa\u00f1ol en&nbsp;la historia de M\u00e9xico. No hab\u00edan bastado tres siglos de dominaci\u00f3n pol\u00edtica y religiosa y se rebel\u00f3 contra lo que parec\u00eda el destino inexorable de los mexicanos: no tener libertad de escoger otra forma de fe que no fuera la de la iglesia cat\u00f3lica romana.&nbsp;<\/p>\n\n\n\n<p>El poder de la iglesia&nbsp;romana, fiel y promotora incansable de la dominaci\u00f3n espa\u00f1ola,&nbsp;segu\u00eda firme. Desde el nacimiento hasta la muerte&nbsp;de cada persona, el clero mexicano controlaba todo. Las ideas de la Reforma Protestante de Mart\u00edn Lutero&nbsp;nunca desembarcaron en M\u00e9xico y cuando lo hac\u00edan&nbsp;eran perseguidas&nbsp;en el pa\u00eds y en Oaxaca tambi\u00e9n,&nbsp;con una sa\u00f1a inaudita.&nbsp;<\/p>\n\n\n\n<p>La inquisici\u00f3n hizo un estupendo trabajo. Pas\u00f3 por la hoguera desde ind\u00edgenas que se negaban a abrazar&nbsp;la fe que trajeron los conquistadores y los jud\u00edos conversos que llegaban a M\u00e9xico fueron perseguidos con feroz fervor para que no \u201ccontaminaran\u201d las creencias religiosas de los cat\u00f3licos.&nbsp;Nuestra historia da cuenta de&nbsp;ese&nbsp;fanatismo mortal&nbsp;e inmoral.<\/p>\n\n\n\n<p>Benito Ju\u00e1rez fue un observador sistem\u00e1tico de esta realidad. Sus estudios de Derecho le permitieron conocer las diferentes corrientes filos\u00f3ficas que hac\u00eda tiempo se desarrollaban en Europa en pa\u00edses como Alemania, Inglaterra, Francia y Suecia, por ejemplo, y sab\u00eda que M\u00e9xico estaba muy atrasado&nbsp;en todos los ordenes.&nbsp;<\/p>\n\n\n\n<p>La oportunidad para cambiar esta tr\u00e1gica realidad la vislumbr\u00f3 cuando fue convocado un nuevo constituyente para redactar lo que ser\u00eda nuestra segunda Constituci\u00f3n, la de 1857, all\u00ed presentar\u00eda sus ideas liberales para implantar en M\u00e9xico la libertad religiosa y romper de una vez por todas con la&nbsp;perniciosa&nbsp;influencia de la iglesia cat\u00f3lica.&nbsp;<\/p>\n\n\n\n<p>Sus esfuerzos alcanzaron el \u00e9xito cuando en esa Carta Magna, se logr\u00f3 eliminar el art\u00edculo tercero de la Constituci\u00f3n de 1824 que establec\u00eda: La religi\u00f3n de la naci\u00f3n mexicana es y ser\u00e1 perpetuamente la Cat\u00f3lica Apost\u00f3lica Romana. La naci\u00f3n la protege por leyes sabias y justas, y proh\u00edbe el ejercicio de cualquiera otra.<\/p>\n\n\n\n<p>Sin embargo, no fue posible plasmar un art\u00edculo que reconociera la libertad religiosa para todos los mexicanos. Y no se logr\u00f3 porque las fuerzas del catolicismo mexicano emplearon toda su&nbsp;poder e influencia, urdieron toda clase de estratagemas para inhibir una realidad que era ya impostergable.&nbsp;Su resistencia fue tal que dieron lucha sin cuartel.<\/p>\n\n\n\n<p>Ante este panorama, Benito Ju\u00e1rez determin\u00f3 suscribir las Leyes de Reforma y en 1860, el cuatro de diciembre,&nbsp;para ser m\u00e1s exactos,&nbsp;hace hace 165 a\u00f1os,&nbsp;public\u00f3&nbsp;en Veracruz&nbsp;la Ley de Libertad de Cultos que permit\u00eda a cada persona elegir la fe que quisiera practicar:&nbsp;cat\u00f3lica o protestante.&nbsp;<\/p>\n\n\n\n<p>Porque \u00e9l no habr\u00eda de perseguir la fe cat\u00f3lica. Eso habr\u00eda repetido la historia que tanto da\u00f1o le ha hecho a M\u00e9xico.<\/p>\n\n\n\n<p>Y esa fecha y conmemoraci\u00f3n es la que nos re\u00fane hoy. Recordamos la altura del Benem\u00e9rito de las Am\u00e9ricas, traemos a la memoria su tenacidad, determinaci\u00f3n, temple y grandeza para enfrentar uno de los poderes m\u00e1s sofisticados de esa \u00e9poca que ten\u00eda tent\u00e1culos por doquier&nbsp;y que se negaba a dejar libre a M\u00e9xico del sectarismo.<\/p>\n\n\n\n<p>Que se resist\u00eda a dejar a los hombres y mujeres a elegir, a ejercer su derecho de tomar la iniciativa por la creencia que mejor le pareciera y que en consecuencia practicara la devoci\u00f3n de su agrado.&nbsp;Que deseaba controlar absolutamente la conciencia de cada&nbsp;mexicano, en general, y cada oaxaque\u00f1o en particular.<\/p>\n\n\n\n<p>Ese&nbsp;es Benito Ju\u00e1rez&nbsp;Garc\u00eda, el ind\u00edgena zapoteco,&nbsp;al que hoy traemos a la memoria, pero tambi\u00e9n lo recordamos porque su lucha aun no termina. En nuestra querida Oaxaca su memoria ha sido mancillada al mantener ligada a la iglesia cat\u00f3lica con cargos en todos los sistemas normativos internos.&nbsp;<\/p>\n\n\n\n<p>Es una traici\u00f3n a su ideario cuando a los ind\u00edgenas se les obliga a pagar fiestas patronales costosas, cuando tienen que fungir como topiles de la iglesia cat\u00f3lica, pero sobre todo cuando son expulsados de sus comunidades por no participar en las fiestas patronales que violentan su conciencia.<\/p>\n\n\n\n<p>Ju\u00e1rez luch\u00f3 justamente contra lo que hoy es&nbsp;forma de gobierno: cargos religiosos con cargos civiles. Amparados en una equivocada evocaci\u00f3n de lo ind\u00edgena, en Oaxaca se reproduce grotescamente el M\u00e9xico que&nbsp;provoc\u00f3 que&nbsp;las Leyes de Reforma&nbsp;fueran urgentes. En pleno siglo XXI en Oaxaca se persigue a quienes no tiene la fe cat\u00f3lica.&nbsp;<\/p>\n\n\n\n<p>Gracias a la leyes contrarias a los Derechos Humanos en Oaxaca vivimos un d\u00eda si y otro tambi\u00e9n en los siglos del m\u00e1s rancio oscurantismo, en las etapas m\u00e1s&nbsp;tenebrosas de la libertad y donde los aires de la inquisici\u00f3n continuan soplando cuando familias completas son desplazadas de su lugar de origen.<\/p>\n\n\n\n<p>El 4 de diciembre no debe ser una fecha m\u00e1s en nuestras efem\u00e9rides c\u00edvicas, debe ser un recordatorio para todos, gobierno, legisladores y ciudadanos de que todav\u00eda falta mucho para&nbsp;hacer real el legado de Ju\u00e1rez.&nbsp;Mientras un solo oaxaque\u00f1o sea perseguido por profesar una fe distinta a la cat\u00f3lica, todav\u00eda&nbsp;tenemos una asignatura pendiente.<\/p>\n\n\n\n<p>Ju\u00e1rez debe ser mucho m\u00e1s que discursos, debe ser raz\u00f3n y motivo para mejorar la convivencia social de los mexicanos.&nbsp;Debe ser inspiraci\u00f3n para que se respete a quien tiene una fe diferente.&nbsp;Debe hacernos comprender que la libertad religiosa&nbsp;tiene como base la separaci\u00f3n del Estado con la iglesia.&nbsp;<\/p>\n\n\n\n<p>Desde aqu\u00ed hacemos un respetuoso llamado para que los legisladores honren la memoria de Benito Ju\u00e1rez y reformen los sistemas normativos internos que obligan a los oaxaque\u00f1os a cumplir con cargos religiosos ligados a la iglesia cat\u00f3lica. Solo as\u00ed estaremos dando fiel cumplimiento a la ley de libertad de cultos promulgada un 4 de diciembre de 1860.&nbsp;Muchas gracias.<\/p>\n\n\n\n<p>*Abogado y ministro de la iglesia cristiana.<\/p>\n\n\n\n<p>**Mensaje le\u00eddo el pasado 4 de diciembre en la ciudad de Oaxaca, en la conmemoraci\u00f3n del 165 aniversario de la promulgaci\u00f3n de la Ley de Libertad de Cultos.<\/p>\n","protected":false},"excerpt":{"rendered":"<p>Porfirio Flores Z\u00fa\u00f1iga* A Benito Ju\u00e1rez Garc\u00eda le toc\u00f3 vivir una etapa de la historia&hellip;<\/p>\n","protected":false},"author":2,"featured_media":87754,"comment_status":"closed","ping_status":"open","sticky":false,"template":"","format":"standard","meta":{"_lmt_disableupdate":"","_lmt_disable":"","_jetpack_memberships_contains_paid_content":false,"footnotes":""},"categories":[109,46],"tags":[4569,2515],"class_list":["post-87753","post","type-post","status-publish","format-standard","has-post-thumbnail","hentry","category-minuto-a-minuto","category-zona-blanca","tag-ley-de-libertad-de-cultos","tag-porfirio-flores-zuniga"],"jetpack_featured_media_url":"https:\/\/zonaroja.com.mx\/wp-content\/uploads\/2025\/12\/Ley-de-Libertad-de-Cultos-Benito-Juarez.jpg.webp","jetpack_sharing_enabled":true,"_links":{"self":[{"href":"https:\/\/zonaroja.com.mx\/index.php?rest_route=\/wp\/v2\/posts\/87753","targetHints":{"allow":["GET"]}}],"collection":[{"href":"https:\/\/zonaroja.com.mx\/index.php?rest_route=\/wp\/v2\/posts"}],"about":[{"href":"https:\/\/zonaroja.com.mx\/index.php?rest_route=\/wp\/v2\/types\/post"}],"author":[{"embeddable":true,"href":"https:\/\/zonaroja.com.mx\/index.php?rest_route=\/wp\/v2\/users\/2"}],"replies":[{"embeddable":true,"href":"https:\/\/zonaroja.com.mx\/index.php?rest_route=%2Fwp%2Fv2%2Fcomments&post=87753"}],"version-history":[{"count":1,"href":"https:\/\/zonaroja.com.mx\/index.php?rest_route=\/wp\/v2\/posts\/87753\/revisions"}],"predecessor-version":[{"id":87755,"href":"https:\/\/zonaroja.com.mx\/index.php?rest_route=\/wp\/v2\/posts\/87753\/revisions\/87755"}],"wp:featuredmedia":[{"embeddable":true,"href":"https:\/\/zonaroja.com.mx\/index.php?rest_route=\/wp\/v2\/media\/87754"}],"wp:attachment":[{"href":"https:\/\/zonaroja.com.mx\/index.php?rest_route=%2Fwp%2Fv2%2Fmedia&parent=87753"}],"wp:term":[{"taxonomy":"category","embeddable":true,"href":"https:\/\/zonaroja.com.mx\/index.php?rest_route=%2Fwp%2Fv2%2Fcategories&post=87753"},{"taxonomy":"post_tag","embeddable":true,"href":"https:\/\/zonaroja.com.mx\/index.php?rest_route=%2Fwp%2Fv2%2Ftags&post=87753"}],"curies":[{"name":"wp","href":"https:\/\/api.w.org\/{rel}","templated":true}]}}