{"id":87758,"date":"2025-12-07T20:46:40","date_gmt":"2025-12-08T02:46:40","guid":{"rendered":"https:\/\/zonaroja.com.mx\/?p=87758"},"modified":"2025-12-07T20:46:42","modified_gmt":"2025-12-08T02:46:42","slug":"matan-a-una-persona-en-pinotepa-y-a-otra-en-huajuapan","status":"publish","type":"post","link":"https:\/\/zonaroja.com.mx\/?p=87758","title":{"rendered":"Matan a una persona en Pinotepa y a otra en Huajuapan"},"content":{"rendered":"\n<p>Raymundo Morales\/Zona Roja. Foto: Igavec.<\/p>\n\n\n\n<p>Oaxaca, Oax., a 7 de diciembre de 2025.- En un lapso de 24 horas, dos personas fueron asesinadas y tres m\u00e1s resultaron lesionadas, en hechos ocurridos en las regiones Mixteca y Costa del estado de Oaxaca.<\/p>\n\n\n\n<p>Alrededor de las 17:00 horas de este domingo se report\u00f3 una agresi\u00f3n armada contra dos individuos, en la agencia Vista Hermosa del municipio de Huajuapan de Le\u00f3n, cerca de la carretera federal.<\/p>\n\n\n\n<p>Una de las v\u00edctimas perdi\u00f3 la vida en el lugar de los hechos y otra m\u00e1s fue trasladada a un hospital, de acuerdo con los primeros reportes policiacos; la Vicefiscal\u00eda Regional de la Mixteca contin\u00faa con las indagatorias del caso.<\/p>\n\n\n\n<p>Por otra parte, anoche se registr\u00f3 un ataque armado en el municipio de Santiago Pinotepa Nacional, en una taquer\u00eda en el centro de dicha ciudad.<\/p>\n\n\n\n<p>Uno de los agredidos intent\u00f3 huir y se refugi\u00f3 en un centro comercial popular, donde fue atendido por param\u00e9dicos y trasladado a un hospital, donde perdi\u00f3 la vida la madrugada de hoy a causa de m\u00faltiples impactos de arma de fuego; los otros dos continuan recibiendo atenci\u00f3n m\u00e9dica.<\/p>\n\n\n\n<p>Los agresores lograron escapar escapar y hasta el momento no se cuenta con la identidad de las v\u00edctimas del ataque armado ni el m\u00f3vil por el cual fueron agredidos; la Vicefiscal\u00eda Regional de la Costa sigue recabando datos para esclarecer el caso.<\/p>\n","protected":false},"excerpt":{"rendered":"<p>Raymundo Morales\/Zona Roja. Foto: Igavec. Oaxaca, Oax., a 7 de diciembre de 2025.- En un&hellip;<\/p>\n","protected":false},"author":2,"featured_media":87759,"comment_status":"closed","ping_status":"open","sticky":false,"template":"","format":"standard","meta":{"_lmt_disableupdate":"","_lmt_disable":"","_jetpack_memberships_contains_paid_content":false,"footnotes":""},"categories":[109,51],"tags":[4570,4060],"class_list":["post-87758","post","type-post","status-publish","format-standard","has-post-thumbnail","hentry","category-minuto-a-minuto","category-zona-roja","tag-asesinado-en-huajuapan","tag-asesinato-pinotepa-nacional"],"jetpack_featured_media_url":"https:\/\/zonaroja.com.mx\/wp-content\/uploads\/2025\/12\/Asesinado-Huajuapan.jpg","jetpack_sharing_enabled":true,"_links":{"self":[{"href":"https:\/\/zonaroja.com.mx\/index.php?rest_route=\/wp\/v2\/posts\/87758","targetHints":{"allow":["GET"]}}],"collection":[{"href":"https:\/\/zonaroja.com.mx\/index.php?rest_route=\/wp\/v2\/posts"}],"about":[{"href":"https:\/\/zonaroja.com.mx\/index.php?rest_route=\/wp\/v2\/types\/post"}],"author":[{"embeddable":true,"href":"https:\/\/zonaroja.com.mx\/index.php?rest_route=\/wp\/v2\/users\/2"}],"replies":[{"embeddable":true,"href":"https:\/\/zonaroja.com.mx\/index.php?rest_route=%2Fwp%2Fv2%2Fcomments&post=87758"}],"version-history":[{"count":1,"href":"https:\/\/zonaroja.com.mx\/index.php?rest_route=\/wp\/v2\/posts\/87758\/revisions"}],"predecessor-version":[{"id":87760,"href":"https:\/\/zonaroja.com.mx\/index.php?rest_route=\/wp\/v2\/posts\/87758\/revisions\/87760"}],"wp:featuredmedia":[{"embeddable":true,"href":"https:\/\/zonaroja.com.mx\/index.php?rest_route=\/wp\/v2\/media\/87759"}],"wp:attachment":[{"href":"https:\/\/zonaroja.com.mx\/index.php?rest_route=%2Fwp%2Fv2%2Fmedia&parent=87758"}],"wp:term":[{"taxonomy":"category","embeddable":true,"href":"https:\/\/zonaroja.com.mx\/index.php?rest_route=%2Fwp%2Fv2%2Fcategories&post=87758"},{"taxonomy":"post_tag","embeddable":true,"href":"https:\/\/zonaroja.com.mx\/index.php?rest_route=%2Fwp%2Fv2%2Ftags&post=87758"}],"curies":[{"name":"wp","href":"https:\/\/api.w.org\/{rel}","templated":true}]}}