{"id":87761,"date":"2025-12-07T20:48:46","date_gmt":"2025-12-08T02:48:46","guid":{"rendered":"https:\/\/zonaroja.com.mx\/?p=87761"},"modified":"2025-12-07T20:48:48","modified_gmt":"2025-12-08T02:48:48","slug":"opinion-la-excepcionalidad-mexicana","status":"publish","type":"post","link":"https:\/\/zonaroja.com.mx\/?p=87761","title":{"rendered":"Opini\u00f3n. La \u201cexcepcionalidad\u201d mexicana"},"content":{"rendered":"\n<p>Diego Enrique Osorno*<\/p>\n\n\n\n<p>Achille Mbembe plante\u00f3 hace m\u00e1s de veinte a\u00f1os que el mundo actual ya no se rige por la distinci\u00f3n cl\u00e1sica entre estados de normalidad y estados de excepci\u00f3n. La excepci\u00f3n se volvi\u00f3 el orden\u2026 En M\u00e9xico, la teor\u00eda mbembiana suele hallar confirmaci\u00f3n en la vida cotidiana.<\/p>\n\n\n\n<p>La escena del momento: El 25 de julio de 2024, una avioneta que despeg\u00f3 de Culiac\u00e1n transport\u00f3 a Ismael El Mayo&nbsp;Zambada amarrado y sedado, secuestrado por un hijo de su principal aliado, Joaqu\u00edn Guzm\u00e1n L\u00f3pez, quien despu\u00e9s lo entreg\u00f3 en Nuevo M\u00e9xico al FBI sin solicitar ni recibir autorizaci\u00f3n de ning\u00fan Estado, seg\u00fan ha declarado estos d\u00edas en una corte de Chicago.<\/p>\n\n\n\n<p>La confesi\u00f3n oficial de Guzm\u00e1n L\u00f3pez da cuenta del Estado de excepci\u00f3n permanente en el que vivimos, donde un narcotraficante act\u00faa como autoridad policial, judicial, militar y consular simult\u00e1neamente. Y no pasa nada.<\/p>\n\n\n\n<p>El presidente de EU, Donald Trump anunci\u00f3 ayer posibles incursiones terrestres contra c\u00e1rteles en territorios extranjeros. Habla de acci\u00f3n unilateral e intervenci\u00f3n militar selectiva. Su narrativa repite la l\u00f3gica del Estado de excepci\u00f3n: hay lugares en los que la soberan\u00eda no merece respeto porque no ejerce control. As\u00ed empez\u00f3 Irak, se justific\u00f3 Afganist\u00e1n, se normaliz\u00f3 Palestina\u2026<\/p>\n\n\n\n<p>El secuestro del Mayo, rese\u00f1ado por su ejecutor en una corte oficial apenas un d\u00eda antes del anuncio trumpista, ofrece una evidencia involuntaria: la excepcionalidad mexicana es visible \u2014y risible\u2014 desde sat\u00e9lites, tribunales y salas ovales.<\/p>\n\n\n\n<p>Por eso la amenaza trumpista es m\u00e1s un s\u00edntoma de la \u00e9poca que otro exabrupto populista.&nbsp;<\/p>\n\n\n\n<p>En medio de todo, la Fiscal\u00eda mexicana cambia de mando, probablemente solo para modificar el relato, no para cambiar la excepcionalidad. Y el ex presidente Andr\u00e9s Manuel L\u00f3pez Obrador reaparece promoviendo un libro grandote sobre los pueblos originarios y su \u201ccivilizaci\u00f3n negada\u201d. Una ret\u00f3rica de grandeza que, ya sabemos, pertenece a una vetusta l\u00f3gica del Estado naci\u00f3n.<\/p>\n\n\n\n<p>Sin embargo, la realidad \u2014esa avioneta cruzando la frontera sin que nadie la detecte\u2014 pertenece a otra gram\u00e1tica: la de un pa\u00eds que vive entre Estado y no Estado, entre memoria y presentimiento, entre ley y excepci\u00f3n. \u00bfPuede M\u00e9xico ser un pa\u00eds donde la frontera no sea un recurso demag\u00f3gico, donde la justicia no dependa de un fiscal extranjero, donde la violencia no suplante al Estado, donde un libro sobre la \u201cgrandeza\u201d no sea una cortina frente a la precariedad y racismo del presente?<\/p>\n\n\n\n<p>Como dicen los zapatistas en comunicados recientes: el mundo est\u00e1 en guerra contra la vida. Y M\u00e9xico, atrapado en su excepcionalidad, parece no haberse dado cuenta.<\/p>\n\n\n\n<p>*Escritor y periodista.<\/p>\n\n\n\n<p>@DiegoEOsorno<\/p>\n","protected":false},"excerpt":{"rendered":"<p>Diego Enrique Osorno* Achille Mbembe plante\u00f3 hace m\u00e1s de veinte a\u00f1os que el mundo actual&hellip;<\/p>\n","protected":false},"author":2,"featured_media":67760,"comment_status":"closed","ping_status":"open","sticky":false,"template":"","format":"standard","meta":{"_lmt_disableupdate":"","_lmt_disable":"","_jetpack_memberships_contains_paid_content":false,"footnotes":""},"categories":[456,109],"tags":[3020],"class_list":["post-87761","post","type-post","status-publish","format-standard","has-post-thumbnail","hentry","category-columna","category-minuto-a-minuto","tag-diego-enrique-osorno"],"jetpack_featured_media_url":"https:\/\/zonaroja.com.mx\/wp-content\/uploads\/2024\/04\/Diego-Enrique-Osorno.jpeg","jetpack_sharing_enabled":true,"_links":{"self":[{"href":"https:\/\/zonaroja.com.mx\/index.php?rest_route=\/wp\/v2\/posts\/87761","targetHints":{"allow":["GET"]}}],"collection":[{"href":"https:\/\/zonaroja.com.mx\/index.php?rest_route=\/wp\/v2\/posts"}],"about":[{"href":"https:\/\/zonaroja.com.mx\/index.php?rest_route=\/wp\/v2\/types\/post"}],"author":[{"embeddable":true,"href":"https:\/\/zonaroja.com.mx\/index.php?rest_route=\/wp\/v2\/users\/2"}],"replies":[{"embeddable":true,"href":"https:\/\/zonaroja.com.mx\/index.php?rest_route=%2Fwp%2Fv2%2Fcomments&post=87761"}],"version-history":[{"count":1,"href":"https:\/\/zonaroja.com.mx\/index.php?rest_route=\/wp\/v2\/posts\/87761\/revisions"}],"predecessor-version":[{"id":87762,"href":"https:\/\/zonaroja.com.mx\/index.php?rest_route=\/wp\/v2\/posts\/87761\/revisions\/87762"}],"wp:featuredmedia":[{"embeddable":true,"href":"https:\/\/zonaroja.com.mx\/index.php?rest_route=\/wp\/v2\/media\/67760"}],"wp:attachment":[{"href":"https:\/\/zonaroja.com.mx\/index.php?rest_route=%2Fwp%2Fv2%2Fmedia&parent=87761"}],"wp:term":[{"taxonomy":"category","embeddable":true,"href":"https:\/\/zonaroja.com.mx\/index.php?rest_route=%2Fwp%2Fv2%2Fcategories&post=87761"},{"taxonomy":"post_tag","embeddable":true,"href":"https:\/\/zonaroja.com.mx\/index.php?rest_route=%2Fwp%2Fv2%2Ftags&post=87761"}],"curies":[{"name":"wp","href":"https:\/\/api.w.org\/{rel}","templated":true}]}}