{"id":87772,"date":"2025-12-08T11:15:00","date_gmt":"2025-12-08T17:15:00","guid":{"rendered":"https:\/\/zonaroja.com.mx\/?p=87772"},"modified":"2025-12-08T08:03:33","modified_gmt":"2025-12-08T14:03:33","slug":"muy-productiva-la-reunion-con-sheinbaum-dice-trump","status":"publish","type":"post","link":"https:\/\/zonaroja.com.mx\/?p=87772","title":{"rendered":"\u201cMuy productiva\u201d, la reuni\u00f3n con Sheinbaum, dice Trump"},"content":{"rendered":"\n<p>Redacci\u00f3n\/Zona Roja Cdmx.<\/p>\n\n\n\n<p>(Informaci\u00f3n de L\u00f3pez-D\u00f3riga Digital)<\/p>\n\n\n\n<p>Ciudad de M\u00e9xico, a 8 de diciembre de 2025.- El presidente de EE.UU., Donald Trump, habl\u00f3 sobre la conversaci\u00f3n que sostuvo el viernes con su hom\u00f3loga mexicana, Claudia Sheinbaum, y el primer ministro de Canad\u00e1, Mark Carney, en el marco del sorteo para el Mundial de 2026.<\/p>\n\n\n\n<p>\u201cS\u00ed, nos reunimos con el primer ministro de Canad\u00e1 y la presidenta de M\u00e9xico, y hablamos durante media hora. Muy bien, muy productivo, hablamos principalmente de comercio\u201c, manifest\u00f3 en&nbsp;la alfombra roja de los Kennedy Center Honors.<\/p>\n\n\n\n<p>Respecto a su relaci\u00f3n con el primer ministro canadiense, Trump dej\u00f3 en claro que tienen una buena relaci\u00f3n, \u201cel problema es que Canad\u00e1 fabrica muchas cosas que no necesitamos porque las fabricamos nosotros mismos tambi\u00e9n, pero lo resolveremos\u201d.<\/p>\n\n\n\n<p>\u201cCanad\u00e1 es un lugar especial y realmente son buenos en hockey sobre hielo\u201d, manifest\u00f3.<\/p>\n\n\n\n<p>Donald Trump, Claudia Sheinbaum y Mark Carney coincidieron en el sorteo para el Mundial de 2026, que se disputar\u00e1 en Estados Unidos, M\u00e9xico y Canad\u00e1.<\/p>\n\n\n\n<p>La presidenta de M\u00e9xico, Claudia Sheinbaum, manifest\u00f3 el pasado viernes 5 de diciembre que sostuvo una buena reuni\u00f3n con los mandatarios de EE.UU. y Canad\u00e1.<\/p>\n\n\n\n<p>\u201cHablamos de muchos temas y quedamos en seguir trabajando. Lo bueno es que fue una reuni\u00f3n muy cordial y me voy muy positiva\u201c, declar\u00f3 a la prensa.<\/p>\n\n\n\n<p>Incluso, la mandataria mexicana revel\u00f3 que Donald Trump la invit\u00f3 a Washington para mantener otra reuni\u00f3n.<\/p>\n\n\n\n<p>Previo a la reuni\u00f3n entre Sheinbaum, Trump y Carney, el presidente estadounidense sugiri\u00f3 que podr\u00eda dejar que expire el T-MEC para buscar un nuevo acuerdo comercial con sus socios en Norteam\u00e9rica.<\/p>\n","protected":false},"excerpt":{"rendered":"<p>Redacci\u00f3n\/Zona Roja Cdmx. (Informaci\u00f3n de L\u00f3pez-D\u00f3riga Digital) Ciudad de M\u00e9xico, a 8 de diciembre de&hellip;<\/p>\n","protected":false},"author":2,"featured_media":87775,"comment_status":"closed","ping_status":"open","sticky":false,"template":"","format":"standard","meta":{"_lmt_disableupdate":"","_lmt_disable":"","_jetpack_memberships_contains_paid_content":false,"footnotes":""},"categories":[109,46],"tags":[3370,1060],"class_list":["post-87772","post","type-post","status-publish","format-standard","has-post-thumbnail","hentry","category-minuto-a-minuto","category-zona-blanca","tag-claudia-sheinbaum","tag-donald-trump"],"jetpack_featured_media_url":"https:\/\/zonaroja.com.mx\/wp-content\/uploads\/2025\/12\/Donald-Trump-y-Sheinbaum-mundial.jpg","jetpack_sharing_enabled":true,"_links":{"self":[{"href":"https:\/\/zonaroja.com.mx\/index.php?rest_route=\/wp\/v2\/posts\/87772","targetHints":{"allow":["GET"]}}],"collection":[{"href":"https:\/\/zonaroja.com.mx\/index.php?rest_route=\/wp\/v2\/posts"}],"about":[{"href":"https:\/\/zonaroja.com.mx\/index.php?rest_route=\/wp\/v2\/types\/post"}],"author":[{"embeddable":true,"href":"https:\/\/zonaroja.com.mx\/index.php?rest_route=\/wp\/v2\/users\/2"}],"replies":[{"embeddable":true,"href":"https:\/\/zonaroja.com.mx\/index.php?rest_route=%2Fwp%2Fv2%2Fcomments&post=87772"}],"version-history":[{"count":1,"href":"https:\/\/zonaroja.com.mx\/index.php?rest_route=\/wp\/v2\/posts\/87772\/revisions"}],"predecessor-version":[{"id":87776,"href":"https:\/\/zonaroja.com.mx\/index.php?rest_route=\/wp\/v2\/posts\/87772\/revisions\/87776"}],"wp:featuredmedia":[{"embeddable":true,"href":"https:\/\/zonaroja.com.mx\/index.php?rest_route=\/wp\/v2\/media\/87775"}],"wp:attachment":[{"href":"https:\/\/zonaroja.com.mx\/index.php?rest_route=%2Fwp%2Fv2%2Fmedia&parent=87772"}],"wp:term":[{"taxonomy":"category","embeddable":true,"href":"https:\/\/zonaroja.com.mx\/index.php?rest_route=%2Fwp%2Fv2%2Fcategories&post=87772"},{"taxonomy":"post_tag","embeddable":true,"href":"https:\/\/zonaroja.com.mx\/index.php?rest_route=%2Fwp%2Fv2%2Ftags&post=87772"}],"curies":[{"name":"wp","href":"https:\/\/api.w.org\/{rel}","templated":true}]}}