{"id":87778,"date":"2025-12-08T10:39:00","date_gmt":"2025-12-08T16:39:00","guid":{"rendered":"https:\/\/zonaroja.com.mx\/?p=87778"},"modified":"2025-12-08T11:23:52","modified_gmt":"2025-12-08T17:23:52","slug":"opinion-y-quien-sanciona-la-ineficiencia-de-la-fiscalia-general-de-la-republica","status":"publish","type":"post","link":"https:\/\/zonaroja.com.mx\/?p=87778","title":{"rendered":"Opini\u00f3n. \u00bfY quien sanciona la ineficiencia de la Fiscal\u00eda General de la Rep\u00fablica?"},"content":{"rendered":"\n<p>Ismael Garc\u00eda M.\/Zona Roja.<\/p>\n\n\n\n<p>Oaxaca, Oax., a 8 de diciembre de 2025.- Con un proceso desaseado y con resultado conocido con mucha antelaci\u00f3n, el pasado 3 de diciembre, el Senado de la Rep\u00fablica concret\u00f3 la orden presidencial de reemplazar al titular de la Fiscal\u00eda General de la Rep\u00fablica (FGR).<\/p>\n\n\n\n<p>Fueron 97 votos a favor de Ernestina Godoy Ramos \u2014de todas las confianzas de la Presidenta\u2014, de los 127 votos que emitieron los senadores por c\u00e9dula; adem\u00e1s, se recibieron 11 nulos y 19 en contra de la terna propuesta por la titular del Ejecutivo federal, Claudia Sheinbaum.<\/p>\n\n\n\n<p>La prioridad era Godoy y los otros dos perfiles de la terna eran \u00fanicamente para cumplir el requisito legal.<\/p>\n\n\n\n<p>A\u00fan con todo, era necesario, urgente, cambiar a Alejandro Gertz Manero, enquistado desde enero de 2019 y hasta diciembre de este a\u00f1o, casi siete a\u00f1os en el cargo a capricho de Andr\u00e9s Manuel L\u00f3pez Obrador.&nbsp;<\/p>\n\n\n\n<p>En todo ese lapso, no se supo de resultados positivos en la procuraci\u00f3n de justicia nacional m\u00e1s que de venganzas y pleitos personales, as\u00ed como de protecci\u00f3n a la \u00e9lite morenista acusada de diversos delitos.&nbsp;<\/p>\n\n\n\n<p>\u00bfY en el interior del pa\u00eds qu\u00e9 hac\u00eda la FGR? Por lo menos en Oaxaca, nada, absolutamente nada, pese a la creciente ola de delitos federales.<\/p>\n\n\n\n<p>LOS DESASEOS<\/p>\n\n\n\n<p>La \u201crenuncia\u201d de Alejandro Gertz Manero ocurri\u00f3 igual que su reemplazo: con absoluto desaseo. Simplemente \u201cquiso una embajada\u201d \u2014seg\u00fan declaraciones de la propia Presidenta\u2014, aunque una semana despu\u00e9s, a\u00fan no se sabe a qu\u00e9 pa\u00eds se ir\u00e1 a representar a M\u00e9xico.<\/p>\n\n\n\n<p>Pero sobre todo, de acuerdo con la norma constitucional, un fiscal General de la Rep\u00fablica solamente puede ser reemplazado por una causa grave, lo que por supuesto no exist\u00eda.<\/p>\n\n\n\n<p>Como siempre lo ha hecho, ni ahora ni antes, Gertz Manero ha salido a dar la cara para explicar los motivos reales de su dimisi\u00f3n; en los c\u00edrculos pol\u00edticos se considera una ruptura con las \u00f3rdenes obradoristas y un c\u00famulo de ineficiencias y conflictos.<\/p>\n\n\n\n<p>Un ejemplo de sus m\u00faltiples pleitos personales y venganzas:<\/p>\n\n\n\n<p>\u201cAlejandro era muy apegado a su hermano mayor Federico, hasta su fallecimiento en 2015. Ambos, herederos de una gran fortuna que proven\u00edan de sus padres: Jos\u00e9 Cornelio Gertz Fern\u00e1ndez y Mercedes Manero Su\u00e1rez.<\/p>\n\n\n\n<p>\u201cTras el fallecimiento de Federico Gertz en 2015, Alejandro Gertz denunci\u00f3 a Laura Mor\u00e1n, su excu\u00f1ada y a la hija de \u00e9sta, acus\u00e1ndolas de presunto homicidio por omisi\u00f3n, al acusarlas de haber descuidado su atenci\u00f3n m\u00e9dica.<\/p>\n\n\n\n<p>\u201cEl caso lo archiv\u00f3 la FGR en 2016; sin embargo, se reabri\u00f3 tras la llegada de Alejandro Gertz Manero, lo que le atrajo cr\u00edticas. En octubre de 2020, Alejandra Cuevas fue detenida y encarcelada, mientras que Laura Mor\u00e1n enfrent\u00f3 el proceso en libertad por su edad; muri\u00f3 en 2024\u201d (<a href=\"https:\/\/politica.expansion.mx\/mexico\/2025\/11\/27\/quien-es-gertz-manero-edad\">https:\/\/politica.expansion.mx\/mexico\/2025\/11\/27\/quien-es-gertz-manero-edad<\/a>).<\/p>\n\n\n\n<p>La lista de omisiones de Alejandro Gertz \u2014quien fuera secretario de Seguridad con Vicente Fox\u2014 es larga:<\/p>\n\n\n\n<p>Investigaciones sobre corrupci\u00f3n (Segalmex, huachicol, factureros, Odebrecht, fraudes a Infonavit), crimen organizado (#La Barredora#, secuestro del \u201cMayo\u201d Zambada, C\u00e1rtel Jalisco), y denuncias contra pol\u00edticos (Pe\u00f1a Nieto, \u00abAlito\u00bb Moreno, Garc\u00eda Cabeza de Vaca) y empresarios (Ra\u00fal Rocha, \u00abrey del outsourcing\u00bb) que quedaron sin resoluci\u00f3n definitiva o con avances parciales.&nbsp;<\/p>\n\n\n\n<p>Y si el retiro forzado de Gertz Manero sigue siendo un misterio, no lo es tanto el \u201cdedazo\u201d a favor de Ernestina Godoy, ex consejera Jur\u00eddica en el gobierno nacional de Claudia Sheinbaum y tambi\u00e9n ex funcionaria del gobierno capitalino.<\/p>\n\n\n\n<p>Sin embargo, la llamada Cuarta Transformaci\u00f3n ni siquiera cuid\u00f3 las formas para no dejar en rid\u00edculo al Senado de la Rep\u00fablica. Apenas se dio a conocer la dimisi\u00f3n de Gertz, Godoy ya fue designada como encargada de Despacho, el 28 de noviembre.<\/p>\n\n\n\n<p>Y desde el primer momento, comenz\u00f3 a realizar cambios en su equipo de trabajo, segura de que la ex senadora y ex fiscal de la Cdmx asumir\u00eda el cargo de fiscal General de la Rep\u00fablica.<\/p>\n\n\n\n<p>No es que se desconozca o se rechace su trayectoria como funcionaria y como mujer; no es que se dude de su capacidad; lo que se critica es la forma tan desaseada en que fue la designaci\u00f3n, que por cierto tuvo tambi\u00e9n el voto de varios opositores a Morena en el Senado.<\/p>\n\n\n\n<p>\u00bfCambiar\u00e1 algo en la FGR con la llegada de Godoy? Por el bien de la justicia en M\u00e9xico, esperemos que s\u00ed.<\/p>\n\n\n\n<p>OMISI\u00d3N OAXAQUE\u00d1A<\/p>\n\n\n\n<p>Porque en el caso de Oaxaca, durante todo el sexenio de L\u00f3pez Obrador y el primer a\u00f1o de Sheinbaum, la FGR estuvo pr\u00e1cticamente desaparecida.<\/p>\n\n\n\n<p>S\u00ed, es una instituci\u00f3n de procuraci\u00f3n de justicia, pero tambi\u00e9n participa o debe participar en la creaci\u00f3n e impulso de pol\u00edticas en materia de seguridad, lo que no se ha visto para nada.<\/p>\n\n\n\n<p>Desde el 24 de agosto de 2017, Jaime Porfirio Garc\u00eda Belio es el responsable de la Fiscal\u00eda General de la Rep\u00fablica en Oaxaca; desde esa fecha, la instituci\u00f3n simplemente no existe.&nbsp;<\/p>\n\n\n\n<p>Fue reemplazado apenas en agosto de 2024, pero dur\u00f3 en su nuevo cargo en Puebla s\u00f3lo cuatro meses; regres\u00f3 a la FGR en Oaxaca para dirigir de nuevo la instituci\u00f3n federal.<\/p>\n\n\n\n<p>Alrededor de hace un a\u00f1o, cre\u00f3, o se hizo p\u00fablica, una oficina de prensa, que mediante WhatsApp distribu\u00eda algunos comunicados. Y todo lo que dec\u00eda era detenciones o de vez en cuando algunas sentencias, de personas en posesi\u00f3n de armas de fuego o de droga, en peque\u00f1as cantidades.<\/p>\n\n\n\n<p>En su mensaje de toma de posesi\u00f3n de 2017, Garc\u00eda Belio se comprometi\u00f3 a \u201ctrabajar en coordinaci\u00f3n con las autoridades estatales y municipales para combatir la corrupci\u00f3n y actuar en estricto apego al Estado de Derecho y con absoluto respeto a los derechos humanos\u201d.<\/p>\n\n\n\n<p>Nada. Absolutamente nada de resultados en el combate al crimen organizado y otros delitos de car\u00e1cter federal. Por supuesto, una total opacidad para informar de su trabajo, mucho menos ante c\u00e1maras y micr\u00f3fonos.<\/p>\n\n\n\n<p>El pasado 5 de diciembre, emiti\u00f3 un comunicado en que \u201cdurante el mes de noviembre de 2025, logr\u00f3 la judicializaci\u00f3n de 67 carpetas por delitos previstos en el C\u00f3digo Penal Federal y se vincul\u00f3 a proceso a 26 personas.<\/p>\n\n\n\n<p>\u201cSe obtuvieron 26 sentencias que fueron obtenidas mediante procedimiento abreviado, en las que se sentenci\u00f3 a 32 personas; mientras que se registraron 67 judicializaciones y se recibieron 212 denuncias, por lo que se iniciaron el mismo n\u00famero de carpetas de investigaci\u00f3n\u201d.<\/p>\n\n\n\n<p>Pero en la pr\u00e1ctica, jam\u00e1s ha dado la cara en acciones que se emprenden en Oaxaca, como por ejemplo, la Operaci\u00f3n \u201cSable\u201d en el Istmo, que encabeza la Fiscal\u00eda de Oaxaca y en que participan de manera decidida la Marina, el Ej\u00e9rcito y la Guardia Nacional.<\/p>\n\n\n\n<p>Por el contrario, seg\u00fan federales, la FGR estatal ha sido omisa en varios casos relacionados con delitos federales e incluso se le tiene alta desconfianza, por diversos procederes irregulares. Se ha se\u00f1alado en medios informativos que ha dejado en libertad tambi\u00e9n de manera irregular a personajes controvertidos. <\/p>\n\n\n\n<p>No participa en las mesas de seguridad del gobierno de Salom\u00f3n Jara, donde s\u00ed est\u00e1n presentes mandos militares, de la Marina y de la Guardia Nacional. Muy escasas ocasiones acude a alg\u00fan acto p\u00fablico.&nbsp;<\/p>\n\n\n\n<p>\u00bfSeguir\u00e1 en la misma din\u00e1mica? Lo prudente es que, para sanear en su mayor parte a la FGR, la fiscal General Godoy Ramos realice tambi\u00e9n los cambios necesarios en las entidades del pa\u00eds.<\/p>\n","protected":false},"excerpt":{"rendered":"<p>Ismael Garc\u00eda M.\/Zona Roja. Oaxaca, Oax., a 8 de diciembre de 2025.- Con un proceso&hellip;<\/p>\n","protected":false},"author":2,"featured_media":67764,"comment_status":"closed","ping_status":"open","sticky":false,"template":"","format":"standard","meta":{"_lmt_disableupdate":"","_lmt_disable":"","_jetpack_memberships_contains_paid_content":false,"footnotes":""},"categories":[456,109,48],"tags":[1353],"class_list":["post-87778","post","type-post","status-publish","format-standard","has-post-thumbnail","hentry","category-columna","category-minuto-a-minuto","category-zona-critica","tag-opinion-zona-critica"],"jetpack_featured_media_url":"https:\/\/zonaroja.com.mx\/wp-content\/uploads\/2024\/04\/Opinion-Zona-Roja-Ismael-Garcia.jpg","jetpack_sharing_enabled":true,"_links":{"self":[{"href":"https:\/\/zonaroja.com.mx\/index.php?rest_route=\/wp\/v2\/posts\/87778","targetHints":{"allow":["GET"]}}],"collection":[{"href":"https:\/\/zonaroja.com.mx\/index.php?rest_route=\/wp\/v2\/posts"}],"about":[{"href":"https:\/\/zonaroja.com.mx\/index.php?rest_route=\/wp\/v2\/types\/post"}],"author":[{"embeddable":true,"href":"https:\/\/zonaroja.com.mx\/index.php?rest_route=\/wp\/v2\/users\/2"}],"replies":[{"embeddable":true,"href":"https:\/\/zonaroja.com.mx\/index.php?rest_route=%2Fwp%2Fv2%2Fcomments&post=87778"}],"version-history":[{"count":2,"href":"https:\/\/zonaroja.com.mx\/index.php?rest_route=\/wp\/v2\/posts\/87778\/revisions"}],"predecessor-version":[{"id":87780,"href":"https:\/\/zonaroja.com.mx\/index.php?rest_route=\/wp\/v2\/posts\/87778\/revisions\/87780"}],"wp:featuredmedia":[{"embeddable":true,"href":"https:\/\/zonaroja.com.mx\/index.php?rest_route=\/wp\/v2\/media\/67764"}],"wp:attachment":[{"href":"https:\/\/zonaroja.com.mx\/index.php?rest_route=%2Fwp%2Fv2%2Fmedia&parent=87778"}],"wp:term":[{"taxonomy":"category","embeddable":true,"href":"https:\/\/zonaroja.com.mx\/index.php?rest_route=%2Fwp%2Fv2%2Fcategories&post=87778"},{"taxonomy":"post_tag","embeddable":true,"href":"https:\/\/zonaroja.com.mx\/index.php?rest_route=%2Fwp%2Fv2%2Ftags&post=87778"}],"curies":[{"name":"wp","href":"https:\/\/api.w.org\/{rel}","templated":true}]}}