{"id":87782,"date":"2025-12-08T13:32:07","date_gmt":"2025-12-08T19:32:07","guid":{"rendered":"https:\/\/zonaroja.com.mx\/?p=87782"},"modified":"2025-12-08T13:32:07","modified_gmt":"2025-12-08T19:32:07","slug":"logra-fiscalia-dos-sentencias-66-anos-de-carcel-a-feminicida-y-25-anos-a-violador","status":"publish","type":"post","link":"https:\/\/zonaroja.com.mx\/?p=87782","title":{"rendered":"Logra Fiscal\u00eda dos sentencias: 66 a\u00f1os de c\u00e1rcel a feminicida y 25 a\u00f1os a violador"},"content":{"rendered":"\n<p>Redacci\u00f3n\/Zona Roja.&nbsp;<\/p>\n\n\n\n<p>Oaxaca, Oax.- Como resultado de investigaciones ministeriales especializadas con perspectiva de g\u00e9nero, la Fiscal\u00eda General del Estado de Oaxaca (FGEO) obtuvo una sentencia condenatoria de 66 a\u00f1os y seis meses de prisi\u00f3n contra Eber L.L., responsable del delito de feminicidio agravado cometido en agravio de C.C.P., en la regi\u00f3n de la Ca\u00f1ada.<\/p>\n\n\n\n<p>De acuerdo con la causa penal, los hechos ocurrieron el 25 y 26 de noviembre de 2023, cuando la v\u00edctima se encontraba dentro de un bar localizado sobre la carretera federal 135, en el paraje Valencia del municipio de San Juan Bautista Cuicatl\u00e1n.<\/p>\n\n\n\n<p>La investigaci\u00f3n detalla que, el agresor arrib\u00f3 a ese establecimiento y despu\u00e9s de sostener una discusi\u00f3n con la v\u00edctima, le dispar\u00f3 con un arma de fuego, provocando lesiones de gravedad; la mujer perdi\u00f3 la vida mientras recib\u00eda atenci\u00f3n m\u00e9dica.<\/p>\n\n\n\n<p>Tras la denuncia correspondiente, la FGEO inici\u00f3 una investigaci\u00f3n exhaustiva a trav\u00e9s de la Vicefiscal\u00eda de Control Regional, logrando identificar, aprehender y presentar ante el Juez a Eber L.L.<\/p>\n\n\n\n<p>Derivado de los datos de prueba aportados, el Tribunal de Enjuiciamiento dict\u00f3 sentencia condenatoria contra Eber L.L., a quien impuso la pena de 66 a\u00f1os y seis meses de prisi\u00f3n, por su responsabilidad en el delito de feminicidio agravado, adem\u00e1s de imponer el pago de una multa y el pago por concepto de la reparaci\u00f3n del da\u00f1o.<\/p>\n\n\n\n<p>EN VALLES<\/p>\n\n\n\n<p class=\"MsoNormal\">En otro caso, la Fiscal\u00eda General obtuvo una sentencia condenatoria de 25 a\u00f1os y seis meses de prisi\u00f3n en contra de una persona del sexo masculino identificado como Trinidad J. R., responsable del delito de violaci\u00f3n equiparada en agravio de una ni\u00f1a, hechos ocurridos en la regi\u00f3n de los Valles Centrales.<\/p>\n\n\n\n<p class=\"MsoNormal\">De acuerdo con el expediente penal, los hechos ocurrieron el 6 de agosto de 2022 en un domicilio del municipio de San Antonio Huitepec, distrito de Zaachila, donde el hoy sentenciado -familiar de la v\u00edctima- agredi\u00f3 sexualmente a una ni\u00f1a de siete a\u00f1os (cuya identidad est\u00e1 reservada por ley).&nbsp;&nbsp;<\/p>\n\n\n\n<p class=\"MsoNormal\">La investigaci\u00f3n revela que el responsable huy\u00f3 del lugar tras ser sorprendido en el acto.<\/p>\n\n\n\n<p class=\"MsoNormal\">Luego de recibir la denuncia, la Vicefiscal\u00eda Regional de los Valles Centrales inici\u00f3 las diligencias con perspectiva de g\u00e9nero y logr\u00f3 la detenci\u00f3n de Trinidad J.R., quien fue puesto a disposici\u00f3n de la autoridad judicial.<\/p>\n\n\n\n<p class=\"MsoNormal\">Gracias a los resultados de las investigaciones aportados por la FGEO, la autoridad judicial tuvo los elementos suficientes para dictar sentencia condenatoria de 25 a\u00f1os y 6 meses de prisi\u00f3n en contra de Trinidad J.R., por su responsabilidad en el delito de violaci\u00f3n equipara, adem\u00e1s de imponerle el pago de una multa econ\u00f3mica y el pago por concepto de la reparaci\u00f3n del da\u00f1o.<\/p>\n\n\n\n<p class=\"MsoNormal\">La Fiscal\u00eda de Oaxaca reiter\u00f3 que uno de sus ejes prioritarios es garantizar una vida libre de violencia para ni\u00f1as, ni\u00f1os y adolescentes, mediante mecanismos de procuraci\u00f3n de justicia impulsados por \u00e1reas especializadas y debidamente capacitadas.<\/p>\n","protected":false},"excerpt":{"rendered":"<p>Redacci\u00f3n\/Zona Roja.&nbsp; Oaxaca, Oax.- Como resultado de investigaciones ministeriales especializadas con perspectiva de g\u00e9nero, la&hellip;<\/p>\n","protected":false},"author":2,"featured_media":87781,"comment_status":"closed","ping_status":"open","sticky":false,"template":"","format":"standard","meta":{"_lmt_disableupdate":"","_lmt_disable":"","_jetpack_memberships_contains_paid_content":false,"footnotes":""},"categories":[109,46],"tags":[494],"class_list":["post-87782","post","type-post","status-publish","format-standard","has-post-thumbnail","hentry","category-minuto-a-minuto","category-zona-blanca","tag-fiscalia-general-del-estado-de-oaxaca"],"jetpack_featured_media_url":"https:\/\/zonaroja.com.mx\/wp-content\/uploads\/2025\/12\/img_4834.jpg","jetpack_sharing_enabled":true,"_links":{"self":[{"href":"https:\/\/zonaroja.com.mx\/index.php?rest_route=\/wp\/v2\/posts\/87782","targetHints":{"allow":["GET"]}}],"collection":[{"href":"https:\/\/zonaroja.com.mx\/index.php?rest_route=\/wp\/v2\/posts"}],"about":[{"href":"https:\/\/zonaroja.com.mx\/index.php?rest_route=\/wp\/v2\/types\/post"}],"author":[{"embeddable":true,"href":"https:\/\/zonaroja.com.mx\/index.php?rest_route=\/wp\/v2\/users\/2"}],"replies":[{"embeddable":true,"href":"https:\/\/zonaroja.com.mx\/index.php?rest_route=%2Fwp%2Fv2%2Fcomments&post=87782"}],"version-history":[{"count":1,"href":"https:\/\/zonaroja.com.mx\/index.php?rest_route=\/wp\/v2\/posts\/87782\/revisions"}],"predecessor-version":[{"id":87783,"href":"https:\/\/zonaroja.com.mx\/index.php?rest_route=\/wp\/v2\/posts\/87782\/revisions\/87783"}],"wp:featuredmedia":[{"embeddable":true,"href":"https:\/\/zonaroja.com.mx\/index.php?rest_route=\/wp\/v2\/media\/87781"}],"wp:attachment":[{"href":"https:\/\/zonaroja.com.mx\/index.php?rest_route=%2Fwp%2Fv2%2Fmedia&parent=87782"}],"wp:term":[{"taxonomy":"category","embeddable":true,"href":"https:\/\/zonaroja.com.mx\/index.php?rest_route=%2Fwp%2Fv2%2Fcategories&post=87782"},{"taxonomy":"post_tag","embeddable":true,"href":"https:\/\/zonaroja.com.mx\/index.php?rest_route=%2Fwp%2Fv2%2Ftags&post=87782"}],"curies":[{"name":"wp","href":"https:\/\/api.w.org\/{rel}","templated":true}]}}