{"id":87787,"date":"2025-12-08T17:02:33","date_gmt":"2025-12-08T23:02:33","guid":{"rendered":"https:\/\/zonaroja.com.mx\/?p=87787"},"modified":"2025-12-08T17:02:33","modified_gmt":"2025-12-08T23:02:33","slug":"reconocen-a-guillermo-gonzalez-la-voz-detras-de-la-banda-de-musica-del-estado","status":"publish","type":"post","link":"https:\/\/zonaroja.com.mx\/?p=87787","title":{"rendered":"Reconocen a Guillermo Gonz\u00e1lez, la voz detr\u00e1s de la Banda de M\u00fasica del Estado"},"content":{"rendered":"\n<p>Lisbeth Mej\u00eda Reyes\/Zona Roja.&nbsp;<\/p>\n\n\n\n<p>Oaxaca, Oaxaca., a 8 de diciembre de 2025.- Gran parte de su vida ha girado en torno a ser la voz detr\u00e1s de la Banda de M\u00fasica del Estado de Oaxaca, aquella que presenta las canciones a interpretar, la que habla de los compositores, de los arreglos y de c\u00f3mo esas piezas han sido parte importante de la historia musical del mundo o de M\u00e9xico.&nbsp;<\/p>\n\n\n\n<p>Este domingo, a diferencia de otros, estuvo al frente de la agrupaci\u00f3n para ser reconocido por el director y la instituci\u00f3n.<\/p>\n\n\n\n<p>Guillermo Jaime Gonz\u00e1lez Ram\u00edrez se jubil\u00f3 despu\u00e9s de m\u00e1s de 30 a\u00f1os de trabajo en la Secretar\u00eda de las Culturas y Artes de Oaxaca, alrededor de 20 como la voz que cada domingo, como el mismo lo dijo, ha estado \u00abdetr\u00e1s del &#8216;cacarizo&#8217;, detr\u00e1s del micr\u00f3fono haciendo que los m\u00fasicos, los artistas, se luzcan y brinden lo mejor de su arte\u00bb.<\/p>\n\n\n\n<p>Los aplausos tambi\u00e9n fueron para \u00e9l, que aun con la jubilaci\u00f3n seguir\u00e1 junto a la banda. El reconocimiento le fue entregado por parte de la agrupaci\u00f3n que dirige Alejandro Huantes Teodocio.<\/p>\n\n\n\n<p>\u00abMuy pocas veces he estado aqu\u00ed al frente. He recibido este documento y me siento emocionado, como dice mi sobrenombre art\u00edstico: Memociones\u00bb, expres\u00f3 Guillermo durante el concierto dominical bajo los laureles del z\u00f3calo de la ciudad de Oaxaca.<\/p>\n\n\n\n<p>\u00abHe visto a muchos m\u00fasicos salir de la banda, jubilados. He visto a muchos m\u00fasicos llegar. Conozco a los virtuosos de la m\u00fasica despu\u00e9s de m\u00e1s de 25 a\u00f1os\u00bb, comparti\u00f3 al recordar que al actual director lo conoci\u00f3 como m\u00fasico de la misma agrupaci\u00f3n.&nbsp;<\/p>\n\n\n\n<p>Tambi\u00e9n agradeci\u00f3 por este reconocimiento a sus compa\u00f1eros m\u00fasicos, al director y al p\u00fablico.<\/p>\n\n\n\n<p>\u00abHoy empieza una nueva etapa, no me voy a separar de la banda, le he pedido la oportunidad al maestro Julio Alejandro que me permita continuar los domingos, que me permita invadir la intimidad de la Banda de M\u00fasica porque si no, me sentir\u00eda una persona alejada de lo que m\u00e1s me gusta, que es la conducci\u00f3n\u00bb, explic\u00f3.<\/p>\n\n\n\n<p>Guillermo Gonz\u00e1lez es originario de Oaxaca de Ju\u00e1rez, Oaxaca. Estudi\u00f3 en la Universidad Aut\u00f3noma \u201cBenito Ju\u00e1rez\u201d de Oaxaca y ah\u00ed empez\u00f3 su ruta art\u00edstica en la rondalla de la Facultad de Contadur\u00eda, tambi\u00e9n inici\u00f3 por esos tiempos su aventura literaria al dar voz y vida propia a poemas y reflexiones.<\/p>\n\n\n\n<p>Al compartir su semblanza, se mencion\u00f3 que, con el apoyo t\u00e9cnico del maestro Jos\u00e9 Silva, grab\u00f3 dos discos llamados \u00abMemociones\u00bb. Adem\u00e1s de transmitir su experiencia profesional a los estudiantes de la facultad y de recordar que por invitaci\u00f3n del cronista em\u00e9rito de la ciudad, Rub\u00e9n Vasconcelos Beltr\u00e1n, fue invitado a la \u00abmisi\u00f3n de dirigir la pol\u00edtica cultural de nuestro estado\u00bb.<\/p>\n\n\n\n<p>Como conductor o maestro de ceremonia de la Banda de M\u00fasica, ingres\u00f3 cuando estaba al frente el maestro Eliseo Mart\u00ednez Garc\u00eda, \u00abquien lo impuls\u00f3 en sus pininos en esta instituci\u00f3n centenaria\u00bb.<\/p>\n","protected":false},"excerpt":{"rendered":"<p>Lisbeth Mej\u00eda Reyes\/Zona Roja.&nbsp; Oaxaca, Oaxaca., a 8 de diciembre de 2025.- Gran parte de&hellip;<\/p>\n","protected":false},"author":2,"featured_media":87773,"comment_status":"closed","ping_status":"open","sticky":false,"template":"","format":"standard","meta":{"_lmt_disableupdate":"","_lmt_disable":"","_jetpack_memberships_contains_paid_content":false,"footnotes":""},"categories":[109,46],"tags":[],"class_list":["post-87787","post","type-post","status-publish","format-standard","has-post-thumbnail","hentry","category-minuto-a-minuto","category-zona-blanca"],"jetpack_featured_media_url":"https:\/\/zonaroja.com.mx\/wp-content\/uploads\/2025\/12\/Reconocimiento-don-Memo-Banda-de-Musica-del-Estado.jpg","jetpack_sharing_enabled":true,"_links":{"self":[{"href":"https:\/\/zonaroja.com.mx\/index.php?rest_route=\/wp\/v2\/posts\/87787","targetHints":{"allow":["GET"]}}],"collection":[{"href":"https:\/\/zonaroja.com.mx\/index.php?rest_route=\/wp\/v2\/posts"}],"about":[{"href":"https:\/\/zonaroja.com.mx\/index.php?rest_route=\/wp\/v2\/types\/post"}],"author":[{"embeddable":true,"href":"https:\/\/zonaroja.com.mx\/index.php?rest_route=\/wp\/v2\/users\/2"}],"replies":[{"embeddable":true,"href":"https:\/\/zonaroja.com.mx\/index.php?rest_route=%2Fwp%2Fv2%2Fcomments&post=87787"}],"version-history":[{"count":1,"href":"https:\/\/zonaroja.com.mx\/index.php?rest_route=\/wp\/v2\/posts\/87787\/revisions"}],"predecessor-version":[{"id":87788,"href":"https:\/\/zonaroja.com.mx\/index.php?rest_route=\/wp\/v2\/posts\/87787\/revisions\/87788"}],"wp:featuredmedia":[{"embeddable":true,"href":"https:\/\/zonaroja.com.mx\/index.php?rest_route=\/wp\/v2\/media\/87773"}],"wp:attachment":[{"href":"https:\/\/zonaroja.com.mx\/index.php?rest_route=%2Fwp%2Fv2%2Fmedia&parent=87787"}],"wp:term":[{"taxonomy":"category","embeddable":true,"href":"https:\/\/zonaroja.com.mx\/index.php?rest_route=%2Fwp%2Fv2%2Fcategories&post=87787"},{"taxonomy":"post_tag","embeddable":true,"href":"https:\/\/zonaroja.com.mx\/index.php?rest_route=%2Fwp%2Fv2%2Ftags&post=87787"}],"curies":[{"name":"wp","href":"https:\/\/api.w.org\/{rel}","templated":true}]}}