{"id":8779,"date":"2020-02-14T21:48:45","date_gmt":"2020-02-15T03:48:45","guid":{"rendered":"http:\/\/www.zonaroja.com.mx\/?p=8779"},"modified":"2020-02-14T21:49:02","modified_gmt":"2020-02-15T03:49:02","slug":"periodista-frida-guerrera-obliga-a-amlo-a-pronunciarse-contra-los-feminicidios","status":"publish","type":"post","link":"https:\/\/zonaroja.com.mx\/?p=8779","title":{"rendered":"Periodista Frida Guerrera obliga a AMLO a pronunciarse contra los feminicidios"},"content":{"rendered":"\n<p>Evlin Arag\u00f3n\/Zona Roja.<\/p>\n\n\n\n<p>Oaxaca de Ju\u00e1rez, Oax., 14 de febrero\nde 2020.- \u201cYo vine a preguntar cu\u00e1l es la postura del Presidente en torno a la\nfeminicidios\u201d, espet\u00f3 la activista y feminista Frida Guerrera en la conferencia\n\u201cma\u00f1anera\u201d de este viernes.<\/p>\n\n\n\n<p>En tanto, en el exterior arrib\u00f3 un\ngrupo de mujeres que realiz\u00f3 pintas en la puerta principal de Palacio Nacional,\ncomo protesta ante el aumento de la violencia feminicida en M\u00e9xico y el\nreciente caso de Ingrid Escamilla, joven asesinada, mutilada y desollada. <\/p>\n\n\n\n<p>El Presidente Andr\u00e9s Manuel L\u00f3pez\nObrador asegur\u00f3 que est\u00e1 en contra del machismo y de la violencia hacia las\nmujeres y hombres en el pa\u00eds, incluso se dijo pacifista y que est\u00e1 trabajando\npara reducir los \u00edndices de violencia en el territorio mexicano.<\/p>\n\n\n\n<p>Sin embargo, no explic\u00f3 ning\u00fan tipo de\nacci\u00f3n concreta que realice su administraci\u00f3n para contrarrestar la violencia\nfeminicida que se viven en la actualidad.<\/p>\n\n\n\n<p>\u201c\u00bfPor qu\u00e9 se desv\u00eda del tema?\u201d continu\u00f3\nla comunicadora y activista \u2013que radic\u00f3 por al menos una d\u00e9cada en Oaxaca&#8211; al\nevidenciar que la falta de claridad de las autoridades -en sus mensajes y\nacciones- ha contribuido en que la violencia contra las mujeres haya alcanzado\nlos niveles que registra en estos momentos en el pa\u00eds.<\/p>\n\n\n\n<p>Durante la conferencia, fue la\nactivista y documentalista de casos quien propuso crear una fiscal\u00eda para\ncombatir el feminicidio, tal y como existe en otros delitos como el secuestro.<\/p>\n\n\n\n<p>A la par que reclam\u00f3 que el\npronunciamiento del Gobierno Federal \u00fanicamente se haya dado en dos asesinatos\nviolentos de mujeres debido a la presi\u00f3n que ejercieron los medios de\ncomunicaci\u00f3n y sin referirse a los miles de casos registrados en M\u00e9xico. <\/p>\n\n\n\n<p>\u201cEl feminicidio existe no podemos\nnegarlo jam\u00e1s nunca, la sensaci\u00f3n ahora es qu\u00e9 hay una doble realidad, all\u00e1\nafuera hay unas mujeres protestando porque llevamos mas de 250 feminicidios en\nlo que va del 2020, m\u00e1s de 300 homicidios en general, porque no existe fiscal\u00eda\nespecializada en feminicidios\u201d, dijo.<\/p>\n\n\n\n<p>Otra de las propuestas fue dedicar al\nmenos una de las \u201cma\u00f1aneras\u201d de la semana para tratar exclusivamente el tema\ndel feminicidio; sin embargo, el Presidente dijo que \u00e9l personalmente trabaja\ntodos los d\u00edas para acabar con el problema.<\/p>\n\n\n\n<p>La periodista insisti\u00f3 en una postura\nconcreta por parte del mandatario, quien visiblemente molesto enunci\u00f3 diez\npuntos, que lejos de ser acciones fueron ideales personales que no se ven\nreflejados en la administraci\u00f3n p\u00fablica en beneficio de las mujeres.<\/p>\n\n\n\n<p>L\u00f3pez Obrador se dijo en contra de la\nviolencia contra hombres y mujeres, describi\u00f3 la violencia de g\u00e9nero como una\ncobard\u00eda y calific\u00f3 como anacronismo brutal el machismo en M\u00e9xico.<\/p>\n\n\n\n<p>As\u00ed mismo, asegur\u00f3 que su gobierno no\ntolerar\u00e1 las agresiones -que ya&nbsp; suceden-\ny se\u00f1al\u00f3 que har\u00e1 todo lo posible para que los feminicidas reciban el\nrespectivo castigo, adem\u00e1s de garantizar la paz y la tranquilidad en todo el\npa\u00eds.<\/p>\n\n\n\n<p>Finalmente y ante la protesta que\nencabezaba un grupo de mujeres a las afueras de Palacio Nacional, el mandatario\nreconoci\u00f3 el movimiento feminista y su lucha, que no es m\u00e1s que que su derecho\na exigir seguridad y un trato digno.<\/p>\n\n\n\n<p>Mientras que las manifestantes&nbsp; pintaron consignas a las afueras del edificio\nentre las que se encontraban: \u201cEstado feminicida\u201d, \u201cMarcho porque estoy viva y\nno s\u00e9 hasta cuando\u201d, \u201cLa prensa lucra con los feminicidios\u201d, entre otras. <\/p>\n","protected":false},"excerpt":{"rendered":"<p>Evlin Arag\u00f3n\/Zona Roja. Oaxaca de Ju\u00e1rez, Oax., 14 de febrero de 2020.- \u201cYo vine a&hellip;<\/p>\n","protected":false},"author":2,"featured_media":8780,"comment_status":"closed","ping_status":"open","sticky":false,"template":"","format":"standard","meta":{"_lmt_disableupdate":"","_lmt_disable":"","_jetpack_memberships_contains_paid_content":false,"footnotes":""},"categories":[109,49],"tags":[1209,1377],"class_list":["post-8779","post","type-post","status-publish","format-standard","has-post-thumbnail","hentry","category-minuto-a-minuto","category-zona-fresa","tag-feminicidios-mexico","tag-frida-guerrera-villalvazo"],"jetpack_featured_media_url":"https:\/\/zonaroja.com.mx\/wp-content\/uploads\/2020\/02\/Frida-Guerrera.png","jetpack_sharing_enabled":true,"_links":{"self":[{"href":"https:\/\/zonaroja.com.mx\/index.php?rest_route=\/wp\/v2\/posts\/8779","targetHints":{"allow":["GET"]}}],"collection":[{"href":"https:\/\/zonaroja.com.mx\/index.php?rest_route=\/wp\/v2\/posts"}],"about":[{"href":"https:\/\/zonaroja.com.mx\/index.php?rest_route=\/wp\/v2\/types\/post"}],"author":[{"embeddable":true,"href":"https:\/\/zonaroja.com.mx\/index.php?rest_route=\/wp\/v2\/users\/2"}],"replies":[{"embeddable":true,"href":"https:\/\/zonaroja.com.mx\/index.php?rest_route=%2Fwp%2Fv2%2Fcomments&post=8779"}],"version-history":[{"count":1,"href":"https:\/\/zonaroja.com.mx\/index.php?rest_route=\/wp\/v2\/posts\/8779\/revisions"}],"predecessor-version":[{"id":8781,"href":"https:\/\/zonaroja.com.mx\/index.php?rest_route=\/wp\/v2\/posts\/8779\/revisions\/8781"}],"wp:featuredmedia":[{"embeddable":true,"href":"https:\/\/zonaroja.com.mx\/index.php?rest_route=\/wp\/v2\/media\/8780"}],"wp:attachment":[{"href":"https:\/\/zonaroja.com.mx\/index.php?rest_route=%2Fwp%2Fv2%2Fmedia&parent=8779"}],"wp:term":[{"taxonomy":"category","embeddable":true,"href":"https:\/\/zonaroja.com.mx\/index.php?rest_route=%2Fwp%2Fv2%2Fcategories&post=8779"},{"taxonomy":"post_tag","embeddable":true,"href":"https:\/\/zonaroja.com.mx\/index.php?rest_route=%2Fwp%2Fv2%2Ftags&post=8779"}],"curies":[{"name":"wp","href":"https:\/\/api.w.org\/{rel}","templated":true}]}}