{"id":87792,"date":"2025-12-08T18:49:58","date_gmt":"2025-12-09T00:49:58","guid":{"rendered":"https:\/\/zonaroja.com.mx\/?p=87792"},"modified":"2025-12-08T19:26:38","modified_gmt":"2025-12-09T01:26:38","slug":"demandan-salida-de-directora-del-archivo-central-del-registro-civil","status":"publish","type":"post","link":"https:\/\/zonaroja.com.mx\/?p=87792","title":{"rendered":"Demandan salida de jefa del Archivo Central del Registro Civil"},"content":{"rendered":"\n<p>Raymundo Morales\/Zona Roja.<\/p>\n\n\n\n<p>Oaxaca, Oax., a 8 de mayo de 2025.- Trabajadores de base del Archivo Central de la Direcci\u00f3n del Registro Civil de Oaxaca amagan con reanudar protestas, para exigir la renuncia de la responsable de esa \u00e1rea, Andrea Cruz Ch\u00e1vez.<\/p>\n\n\n\n<p>Asimismo, exigen que las autoridades federales investiguen la probable usurpaci\u00f3n de funciones, pues se firma como licenciada y en el Registro Nacional de Profesiones no hay datos que confirmen que cuenta con estudios profesionales.<\/p>\n\n\n\n<p>Fue el lunes de la semana pasada en que los empleados de base afiliados al Sindicato de Trabajadores al Servicio de los Poderes del Estado e Instituciones Descentralizadas de Car\u00e1cter Estatal amagaron con efectuar un paro de labores y \u201ctoma\u201d de oficinas, ubicadas en la calle de Violetas de la colonia Reforma.<\/p>\n\n\n\n<p>La demanda central es la salida de Andrea Cruz Ch\u00e1vez, por su trato d\u00e9spota en contra del personal y de los usuarios, as\u00ed como su falta de preparaci\u00f3n para ostentar el cargo.<\/p>\n\n\n\n<p>No obstante, el director del Registro Civil, Alfredo Santiago Ch\u00e1vez, se ofreci\u00f3 a intervenir con la finalidad de atender las quejas y dar una soluci\u00f3n; no obstante, a una semana no ha dado una respuesta satisfactoria a los trabajadores de base.<\/p>\n\n\n\n<p>Mientras tanto, a trav\u00e9s de las redes sociales se dio a conocer que la funcionaria se presenta como \u201clicenciada\u201d sin tener el t\u00edtulo; incluso, de acuerdo con los trabajadores, ni siquiera tiene la Preparatoria terminada y busca apoyo de la UABJO para conseguir los documentos que acrediten su preparaci\u00f3n profesional.<\/p>\n\n\n\n<p>Y es que al consultar el portal del Registro Nacional de Profesiones (RNP) de la Secretar\u00eda de Educaci\u00f3n P\u00fablica (SEP) no aparece dato alguno que avale sus supuestos estudios superiores.<\/p>\n\n\n\n<p>Seg\u00fan los denunciantes, Cruz Ch\u00e1vez no habr\u00eda \u201cculminado bien la preparatoria y menos la universidad\u201d, lo cual dicen contravendr\u00eda la presentaci\u00f3n que ella misma hace p\u00fablicamente de su perfil como \u201clicenciada\u201d.<\/p>\n\n\n\n<p>El RNP es la instancia oficial en M\u00e9xico encargada de registrar los t\u00edtulos profesionales y emitir la c\u00e9dula correspondiente para quienes han concluido estudios de t\u00e9cnico, licenciatura u otros grados. &nbsp;<\/p>\n\n\n\n<p>Al buscar por nombre y CURP, el sistema arroja \u201cno se encontraron resultados\u201d cuando no existe constancia de t\u00edtulo registrado.&nbsp;<\/p>\n\n\n\n<p>No es la primera vez que aparecen denuncias en torno a la operaci\u00f3n del Archivo Central del Registro Civil de Oaxaca. En abril de 2025, trabajadores de base denunciaron a funcionarios del gobierno estatal de un boicot institucional al apagar los servidores que alojan los datos del Registro, lo que llev\u00f3 al cambio de directivos del complejo gubernamental. &nbsp;<\/p>\n\n\n\n<p>Ese tipo de irregularidades administrativas han generado ya desconfianza sobre la gesti\u00f3n interna del organismo, y ponen en entredicho la buena operatividad del sistema registral estatal.<\/p>\n\n\n\n<p>Quienes denuncian a Andrea Cruz Salazar se\u00f1alan que la jefa del Archivo Central deber\u00eda contar como m\u00ednimo con grado acad\u00e9mico que respalde su nombramiento, dado que se trata de una funci\u00f3n t\u00e9cnica y administrativa que exige conocimientos precisos del tema registral.<\/p>\n\n\n\n<p>\u201cEn esta administraci\u00f3n, al parecer se han privilegiado nombramientos por dedazo o amiguismo, esa pr\u00e1ctica pone en riesgo la calidad del servicio y la integridad del registro de la poblaci\u00f3n\u201d denunciaron.<\/p>\n\n\n\n<figure class=\"wp-block-image size-full\"><img decoding=\"async\" width=\"800\" height=\"407\" src=\"https:\/\/zonaroja.com.mx\/wp-content\/uploads\/2025\/12\/Andrea-Cruz-Salazar-Registro-Civil.jpg\" alt=\"\" class=\"wp-image-87794\" srcset=\"https:\/\/zonaroja.com.mx\/wp-content\/uploads\/2025\/12\/Andrea-Cruz-Salazar-Registro-Civil.jpg 800w, https:\/\/zonaroja.com.mx\/wp-content\/uploads\/2025\/12\/Andrea-Cruz-Salazar-Registro-Civil-300x153.jpg 300w, https:\/\/zonaroja.com.mx\/wp-content\/uploads\/2025\/12\/Andrea-Cruz-Salazar-Registro-Civil-768x391.jpg 768w, https:\/\/zonaroja.com.mx\/wp-content\/uploads\/2025\/12\/Andrea-Cruz-Salazar-Registro-Civil-585x298.jpg 585w\" sizes=\"(max-width: 800px) 100vw, 800px\" \/><\/figure>\n","protected":false},"excerpt":{"rendered":"<p>Raymundo Morales\/Zona Roja. Oaxaca, Oax., a 8 de mayo de 2025.- Trabajadores de base del&hellip;<\/p>\n","protected":false},"author":2,"featured_media":87793,"comment_status":"closed","ping_status":"open","sticky":false,"template":"","format":"standard","meta":{"_lmt_disableupdate":"","_lmt_disable":"","_jetpack_memberships_contains_paid_content":false,"footnotes":""},"categories":[109,47],"tags":[4572,4573],"class_list":["post-87792","post","type-post","status-publish","format-standard","has-post-thumbnail","hentry","category-minuto-a-minuto","category-zona-gris","tag-andrea-cruz-chavez","tag-archivo-central-del-registro-civil"],"jetpack_featured_media_url":"https:\/\/zonaroja.com.mx\/wp-content\/uploads\/2025\/12\/Andrea-Cruz-Salazar-Archivo-Registro-Civil.jpg","jetpack_sharing_enabled":true,"_links":{"self":[{"href":"https:\/\/zonaroja.com.mx\/index.php?rest_route=\/wp\/v2\/posts\/87792","targetHints":{"allow":["GET"]}}],"collection":[{"href":"https:\/\/zonaroja.com.mx\/index.php?rest_route=\/wp\/v2\/posts"}],"about":[{"href":"https:\/\/zonaroja.com.mx\/index.php?rest_route=\/wp\/v2\/types\/post"}],"author":[{"embeddable":true,"href":"https:\/\/zonaroja.com.mx\/index.php?rest_route=\/wp\/v2\/users\/2"}],"replies":[{"embeddable":true,"href":"https:\/\/zonaroja.com.mx\/index.php?rest_route=%2Fwp%2Fv2%2Fcomments&post=87792"}],"version-history":[{"count":2,"href":"https:\/\/zonaroja.com.mx\/index.php?rest_route=\/wp\/v2\/posts\/87792\/revisions"}],"predecessor-version":[{"id":87796,"href":"https:\/\/zonaroja.com.mx\/index.php?rest_route=\/wp\/v2\/posts\/87792\/revisions\/87796"}],"wp:featuredmedia":[{"embeddable":true,"href":"https:\/\/zonaroja.com.mx\/index.php?rest_route=\/wp\/v2\/media\/87793"}],"wp:attachment":[{"href":"https:\/\/zonaroja.com.mx\/index.php?rest_route=%2Fwp%2Fv2%2Fmedia&parent=87792"}],"wp:term":[{"taxonomy":"category","embeddable":true,"href":"https:\/\/zonaroja.com.mx\/index.php?rest_route=%2Fwp%2Fv2%2Fcategories&post=87792"},{"taxonomy":"post_tag","embeddable":true,"href":"https:\/\/zonaroja.com.mx\/index.php?rest_route=%2Fwp%2Fv2%2Ftags&post=87792"}],"curies":[{"name":"wp","href":"https:\/\/api.w.org\/{rel}","templated":true}]}}