{"id":87799,"date":"2025-12-09T09:30:00","date_gmt":"2025-12-09T15:30:00","guid":{"rendered":"https:\/\/zonaroja.com.mx\/?p=87799"},"modified":"2025-12-09T06:52:41","modified_gmt":"2025-12-09T12:52:41","slug":"segun-nyt-claudia-sheinbaum-es-una-de-las-lideres-mundiales-con-mas-estilo","status":"publish","type":"post","link":"https:\/\/zonaroja.com.mx\/?p=87799","title":{"rendered":"Seg\u00fan NYT, Claudia Sheinbaum es una de las l\u00edderes mundiales con m\u00e1s estilo"},"content":{"rendered":"\n<p>Redacci\u00f3n\/Zona Roja Cdmx.<\/p>\n\n\n\n<p>(Informaci\u00f3n de \u201cEl Financiero\u201d)<\/p>\n\n\n\n<p>Ciudad de M\u00e9xico, a 9 de diciembre de 2025.- La presidenta Claudia Sheinbaum fue incluida en \u201cThe 67 Most Stylish People of 2025\u201d, listado anual de \u201cThe New York Times\u201d que destaca a las figuras con m\u00e1s estilo. La selecci\u00f3n re\u00fane a personas \u2014y tambi\u00e9n a arquetipos\u2014 que destacaron por su \u201cactitud distintiva\u201d.<\/p>\n\n\n\n<p>En la recopilaci\u00f3n aparecen figuras tan diversas como el Papa Le\u00f3n XIV, quien incorpor\u00f3 una gorra de los Chicago White Sox a su vestimenta; el personaje de la t\u00eda Gladys en \u201cLa hora de la desaparici\u00f3n\u201d (Weapons) por ser \u201crefrescantemente diferente a Glinda o Elphaba\u201d; o bien, Bad Bunny, por su variedad de estilos que van de Prada en la Met Gala, informal en sus shows o su faceta de modelo de ropa interior de Calvin Klein.<\/p>\n\n\n\n<p>\u201cThe New York Times\u201d se\u00f1al\u00f3 que en su primer a\u00f1o como presidenta de M\u00e9xico, Sheinbaum \u201cha llamado la atenci\u00f3n hacia la moda ind\u00edgena del pa\u00eds al usar ropa bordada y al actuar contra grandes marcas que copian a artesanos locales\u201d.<\/p>\n\n\n\n<p>Desde su toma de protesta, Sheinbaum marc\u00f3 el camino de su estilo con un vestido blanco con m\u00e1s de cien flores tejidas a mano con ganchillo, una prenda dise\u00f1ada por la artista Claudia V\u00e1squez Aquino, originaria de Santa Mar\u00eda Xadani, Oaxaca.<\/p>\n\n\n\n<p>Durante la Cumbre del G7, la mandataria port\u00f3 un saco p\u00farpura de la dise\u00f1adora Olivia Trujillo Cortez.<\/p>\n\n\n\n<p>En tanto, en su primera ceremonia del Grito de Independencia, Sheinbaum us\u00f3 un vestido morado de Thelma Islas Laguna y Crystel Mart\u00ednez Torres, el cual ten\u00eda un bordado artesanal nahua de San Isidro Buen Suceso, realizado por la maestra Virginia Ver\u00f3nica Arce.<\/p>\n\n\n\n<p>\u201cEl amor por ustedes, las mujeres artesanas, me viene de peque\u00f1a, del cari\u00f1o que siempre tuvo mi madre y que nos transmiti\u00f3\u201d, coment\u00f3 la mandataria en una conferencia de prensa.<\/p>\n\n\n\n<p>La presidenta tambi\u00e9n ha defendido p\u00fablicamente a las personas artesanas, en una de sus Ma\u00f1aneras mencion\u00f3 el caso del modelo Oaxaca Slip On de Adidas, basado en huaraches de Yal\u00e1lag, Oaxaca.<\/p>\n\n\n\n<p>\u201cThe New York Times\u201d se\u00f1ala que los elegidos les hicieron cuestionarse \u201cel significado de la autoexpresi\u00f3n\u201d y pensar en una noci\u00f3n amplia de estilo, entendida como una mezcla entre est\u00e9tica y actitud.<\/p>\n\n\n\n<p>El rango de perfiles incluidos en \u201cThe 67 Most Stylish People of 2025\u201d ilustra ese concepto expandido. Aparecen figuras como ASAP Rocky, reconocido por sus elecciones en alfombras rojas y su papel como icono de moda; Sabrina Carpenter, descrita como embajadora involuntaria del color amarillo por su presencia en escenarios y eventos; o deportistas como Shohei Ohtani, cuya influencia este a\u00f1o rebas\u00f3 el diamante de b\u00e9isbol gracias a un gesto popularizado globalmente.<\/p>\n\n\n\n<p>Tambi\u00e9n incluye conceptos como \u201cThe West Village Girl\u201d, un fen\u00f3meno est\u00e9tico urbano que sintetiza un estilo juvenil basado en jeans claros, camisetas blancas y tenis, lo que demuestra que para la edici\u00f3n de estilos del diario el impacto social puede venir tanto de personas como de tendencias colectivas.<\/p>\n","protected":false},"excerpt":{"rendered":"<p>Redacci\u00f3n\/Zona Roja Cdmx. (Informaci\u00f3n de \u201cEl Financiero\u201d) Ciudad de M\u00e9xico, a 9 de diciembre de&hellip;<\/p>\n","protected":false},"author":2,"featured_media":85466,"comment_status":"closed","ping_status":"open","sticky":false,"template":"","format":"standard","meta":{"_lmt_disableupdate":"","_lmt_disable":"","_jetpack_memberships_contains_paid_content":false,"footnotes":""},"categories":[109,46],"tags":[3370],"class_list":["post-87799","post","type-post","status-publish","format-standard","has-post-thumbnail","hentry","category-minuto-a-minuto","category-zona-blanca","tag-claudia-sheinbaum"],"jetpack_featured_media_url":"https:\/\/zonaroja.com.mx\/wp-content\/uploads\/2025\/10\/Claudia-Sheinbaum.jpg","jetpack_sharing_enabled":true,"_links":{"self":[{"href":"https:\/\/zonaroja.com.mx\/index.php?rest_route=\/wp\/v2\/posts\/87799","targetHints":{"allow":["GET"]}}],"collection":[{"href":"https:\/\/zonaroja.com.mx\/index.php?rest_route=\/wp\/v2\/posts"}],"about":[{"href":"https:\/\/zonaroja.com.mx\/index.php?rest_route=\/wp\/v2\/types\/post"}],"author":[{"embeddable":true,"href":"https:\/\/zonaroja.com.mx\/index.php?rest_route=\/wp\/v2\/users\/2"}],"replies":[{"embeddable":true,"href":"https:\/\/zonaroja.com.mx\/index.php?rest_route=%2Fwp%2Fv2%2Fcomments&post=87799"}],"version-history":[{"count":2,"href":"https:\/\/zonaroja.com.mx\/index.php?rest_route=\/wp\/v2\/posts\/87799\/revisions"}],"predecessor-version":[{"id":87817,"href":"https:\/\/zonaroja.com.mx\/index.php?rest_route=\/wp\/v2\/posts\/87799\/revisions\/87817"}],"wp:featuredmedia":[{"embeddable":true,"href":"https:\/\/zonaroja.com.mx\/index.php?rest_route=\/wp\/v2\/media\/85466"}],"wp:attachment":[{"href":"https:\/\/zonaroja.com.mx\/index.php?rest_route=%2Fwp%2Fv2%2Fmedia&parent=87799"}],"wp:term":[{"taxonomy":"category","embeddable":true,"href":"https:\/\/zonaroja.com.mx\/index.php?rest_route=%2Fwp%2Fv2%2Fcategories&post=87799"},{"taxonomy":"post_tag","embeddable":true,"href":"https:\/\/zonaroja.com.mx\/index.php?rest_route=%2Fwp%2Fv2%2Ftags&post=87799"}],"curies":[{"name":"wp","href":"https:\/\/api.w.org\/{rel}","templated":true}]}}