{"id":87801,"date":"2025-12-08T21:19:28","date_gmt":"2025-12-09T03:19:28","guid":{"rendered":"https:\/\/zonaroja.com.mx\/?p=87801"},"modified":"2025-12-08T21:19:30","modified_gmt":"2025-12-09T03:19:30","slug":"sindicato-de-la-uabjo-denuncia-a-rector-por-nuevas-irregularidades","status":"publish","type":"post","link":"https:\/\/zonaroja.com.mx\/?p=87801","title":{"rendered":"Sindicato de la UABJO denuncia a rector por nuevas irregularidades"},"content":{"rendered":"\n<p>Lisbeth Mej\u00eda Reyes\/Zona Roja.<\/p>\n\n\n\n<p>Oaxaca, Oax., a 8 de diciembre de 2025.- Empleados de base de la Universidad Aut\u00f3noma \u201cBenito Ju\u00e1rez\u201d de Oaxaca (UABJO), adheridos la Coalici\u00f3n Universitaria \u201c7 de Octubre\u201d, denunciaron irregularidades en la contrataci\u00f3n de 25 afanadoras mediante la presunta apertura de una bolsa de trabajo.<\/p>\n\n\n\n<p>Los manifestantes, quienes antes de la coalici\u00f3n eran parte del Sindicato de Trabajadores y Empleados de la UABJO (STEUABJO), acusaron este lunes a las autoridades universitarias por estas contrataciones irregulares.&nbsp;<\/p>\n\n\n\n<p>Tambi\u00e9n advirtieron que se ir\u00e1n a huelga en el primer d\u00eda de enero de 2026 si las autoridades universitarias no resuelven el problema en las contrataciones.<\/p>\n\n\n\n<p>Los manifestantes se\u00f1alaron que ya se han dado proceso similares de contrataci\u00f3n irregular y por lo cual hab\u00edan tomado la rector\u00eda en octubre, como integrantes del STEUABJO, pero sin el respaldo sindicato. En ese entonces, explicaron, hab\u00edan logrado frenar 25 de las contrataciones por la protesta, pero ahora son estas las que se est\u00e1n retomando en la supuesta apertura de la bolsa de trabajo del STEUABJO.<\/p>\n\n\n\n<p>En conferencia de prensa frente a la rector\u00eda, integrantes de la coalici\u00f3n explicaron que tras la \u00faltima protesta y la liberaci\u00f3n de las instalaciones, el gobierno estatal y el rector, Cristian Eder Carre\u00f1o, se comprometieron a revisar las minutas de los m\u00e1s de 200 trabajadores que ingresaron de manera irregular a la bolsa de trabajo y \u00abque tuvo un costo de ingreso de cada compa\u00f1ero de m\u00e1s de 200 mil pesos\u00bb.<\/p>\n\n\n\n<p>Otro de los compromisos, se\u00f1alaron, fue que se iba abrir de inmediato la bolsa de seguridad universitaria y que tambi\u00e9n se iban a abrir las diversas bolsas del sindicato (STEUABJO).&nbsp;<\/p>\n\n\n\n<p>Sin embargo, hasta este momento, \u00able est\u00e1n queriendo dar medianamente seguimiento, no cumplimiento, pero bajo un argumento especial\u00bb. Es decir, con la apertura de la bolsa de trabajo para los 25 espacios cuya venta hab\u00edan frenado con la manifestaci\u00f3n de octubre.<\/p>\n\n\n\n<p>Los denunciantes se\u00f1alaron directamente al rector Cristian Eder Carre\u00f1o por presunta complicidad en estas pr\u00e1cticas y en la represi\u00f3n a quienes quieren adherirse a la coalici\u00f3n.<\/p>\n","protected":false},"excerpt":{"rendered":"<p>Lisbeth Mej\u00eda Reyes\/Zona Roja. Oaxaca, Oax., a 8 de diciembre de 2025.- Empleados de base&hellip;<\/p>\n","protected":false},"author":2,"featured_media":87802,"comment_status":"closed","ping_status":"open","sticky":false,"template":"","format":"standard","meta":{"_lmt_disableupdate":"","_lmt_disable":"","_jetpack_memberships_contains_paid_content":false,"footnotes":""},"categories":[109,47],"tags":[4574],"class_list":["post-87801","post","type-post","status-publish","format-standard","has-post-thumbnail","hentry","category-minuto-a-minuto","category-zona-gris","tag-coalicion-universitaria-7-de-octubre"],"jetpack_featured_media_url":"https:\/\/zonaroja.com.mx\/wp-content\/uploads\/2025\/12\/Conferencia-sindicato-UABJO.jpg","jetpack_sharing_enabled":true,"_links":{"self":[{"href":"https:\/\/zonaroja.com.mx\/index.php?rest_route=\/wp\/v2\/posts\/87801","targetHints":{"allow":["GET"]}}],"collection":[{"href":"https:\/\/zonaroja.com.mx\/index.php?rest_route=\/wp\/v2\/posts"}],"about":[{"href":"https:\/\/zonaroja.com.mx\/index.php?rest_route=\/wp\/v2\/types\/post"}],"author":[{"embeddable":true,"href":"https:\/\/zonaroja.com.mx\/index.php?rest_route=\/wp\/v2\/users\/2"}],"replies":[{"embeddable":true,"href":"https:\/\/zonaroja.com.mx\/index.php?rest_route=%2Fwp%2Fv2%2Fcomments&post=87801"}],"version-history":[{"count":1,"href":"https:\/\/zonaroja.com.mx\/index.php?rest_route=\/wp\/v2\/posts\/87801\/revisions"}],"predecessor-version":[{"id":87803,"href":"https:\/\/zonaroja.com.mx\/index.php?rest_route=\/wp\/v2\/posts\/87801\/revisions\/87803"}],"wp:featuredmedia":[{"embeddable":true,"href":"https:\/\/zonaroja.com.mx\/index.php?rest_route=\/wp\/v2\/media\/87802"}],"wp:attachment":[{"href":"https:\/\/zonaroja.com.mx\/index.php?rest_route=%2Fwp%2Fv2%2Fmedia&parent=87801"}],"wp:term":[{"taxonomy":"category","embeddable":true,"href":"https:\/\/zonaroja.com.mx\/index.php?rest_route=%2Fwp%2Fv2%2Fcategories&post=87801"},{"taxonomy":"post_tag","embeddable":true,"href":"https:\/\/zonaroja.com.mx\/index.php?rest_route=%2Fwp%2Fv2%2Ftags&post=87801"}],"curies":[{"name":"wp","href":"https:\/\/api.w.org\/{rel}","templated":true}]}}