{"id":87804,"date":"2025-12-08T21:48:11","date_gmt":"2025-12-09T03:48:11","guid":{"rendered":"https:\/\/zonaroja.com.mx\/?p=87804"},"modified":"2025-12-08T22:02:52","modified_gmt":"2025-12-09T04:02:52","slug":"vuelve-la-violencia-en-amoltepec-asesinan-a-balazos-a-una-persona","status":"publish","type":"post","link":"https:\/\/zonaroja.com.mx\/?p=87804","title":{"rendered":"Vuelve la violencia en Amoltepec: asesinan a balazos a una persona"},"content":{"rendered":"\n<p>Raymundo Morales\/Zona Roja.<\/p>\n\n\n\n<p>Oaxaca, Oax., a 8 de diciembre de 2025.- En el marco de las fiestas en honor a la virgen de Juquila, en Santiago Amoltepec fue asesinada a balazos una persona del sexo masculino.<\/p>\n\n\n\n<p>De acuerdo con reportes policiacos preliminares, el crimen ocurri\u00f3 en la agencia de Barranca Rica de dicho municipio de la regi\u00f3n Sierra Sur de Oaxaca, mientras se desarrollaba un jaripeo como parte de las fiestas religiosas de este 8 de diciembre.<\/p>\n\n\n\n<p>Alrededor de la 18:30 horas un individuo, identificado de manera preliminar como Carlos H., dispar\u00f3 en contra de Artemio G. L., conocido como \u201cEl Col\u00edn\u201d.<\/p>\n\n\n\n<p>Corporaciones de auxilio le brindaron los primeros auxilios, pero no pudieron salvarle la vida.<\/p>\n\n\n\n<p>De forma extraoficial se ha dado a conocer que el agresor fue identificado como Carlos H., alias \u201cEl Tambo\u201d, regidor suplente de Hacienda en Amoltepec y quien presume amistad con funcionarios del Gobierno del Estado.<\/p>\n\n\n\n<p>Seg\u00fan los informes, el probable homicida fue detenido por los polic\u00edas comunitarios y puesto a disposici\u00f3n de la autoridad ministerial, sin embargo, temen que sea liberado, por lo cual demandan a Fiscal\u00eda General del Estado de Oaxaca investigar los hechos con prontitud y poner al individuo a disposici\u00f3n de un juez.<\/p>\n","protected":false},"excerpt":{"rendered":"<p>Raymundo Morales\/Zona Roja. Oaxaca, Oax., a 8 de diciembre de 2025.- En el marco de&hellip;<\/p>\n","protected":false},"author":2,"featured_media":84694,"comment_status":"closed","ping_status":"open","sticky":false,"template":"","format":"standard","meta":{"_lmt_disableupdate":"","_lmt_disable":"","_jetpack_memberships_contains_paid_content":false,"footnotes":""},"categories":[109,51],"tags":[860],"class_list":["post-87804","post","type-post","status-publish","format-standard","has-post-thumbnail","hentry","category-minuto-a-minuto","category-zona-roja","tag-santiago-amoltepec"],"jetpack_featured_media_url":"https:\/\/zonaroja.com.mx\/wp-content\/uploads\/2025\/09\/Santiago-AmoltepecJPG.jpg","jetpack_sharing_enabled":true,"_links":{"self":[{"href":"https:\/\/zonaroja.com.mx\/index.php?rest_route=\/wp\/v2\/posts\/87804","targetHints":{"allow":["GET"]}}],"collection":[{"href":"https:\/\/zonaroja.com.mx\/index.php?rest_route=\/wp\/v2\/posts"}],"about":[{"href":"https:\/\/zonaroja.com.mx\/index.php?rest_route=\/wp\/v2\/types\/post"}],"author":[{"embeddable":true,"href":"https:\/\/zonaroja.com.mx\/index.php?rest_route=\/wp\/v2\/users\/2"}],"replies":[{"embeddable":true,"href":"https:\/\/zonaroja.com.mx\/index.php?rest_route=%2Fwp%2Fv2%2Fcomments&post=87804"}],"version-history":[{"count":2,"href":"https:\/\/zonaroja.com.mx\/index.php?rest_route=\/wp\/v2\/posts\/87804\/revisions"}],"predecessor-version":[{"id":87806,"href":"https:\/\/zonaroja.com.mx\/index.php?rest_route=\/wp\/v2\/posts\/87804\/revisions\/87806"}],"wp:featuredmedia":[{"embeddable":true,"href":"https:\/\/zonaroja.com.mx\/index.php?rest_route=\/wp\/v2\/media\/84694"}],"wp:attachment":[{"href":"https:\/\/zonaroja.com.mx\/index.php?rest_route=%2Fwp%2Fv2%2Fmedia&parent=87804"}],"wp:term":[{"taxonomy":"category","embeddable":true,"href":"https:\/\/zonaroja.com.mx\/index.php?rest_route=%2Fwp%2Fv2%2Fcategories&post=87804"},{"taxonomy":"post_tag","embeddable":true,"href":"https:\/\/zonaroja.com.mx\/index.php?rest_route=%2Fwp%2Fv2%2Ftags&post=87804"}],"curies":[{"name":"wp","href":"https:\/\/api.w.org\/{rel}","templated":true}]}}