{"id":87814,"date":"2025-12-09T09:15:00","date_gmt":"2025-12-09T15:15:00","guid":{"rendered":"https:\/\/zonaroja.com.mx\/?p=87814"},"modified":"2025-12-09T06:51:57","modified_gmt":"2025-12-09T12:51:57","slug":"tres-semanas-de-bloqueo-a-huayapam-edil-insiste-en-apoyo-de-gobierno","status":"publish","type":"post","link":"https:\/\/zonaroja.com.mx\/?p=87814","title":{"rendered":"Tres semanas de bloqueo a Huay\u00e1pam; edil insiste en apoyo de gobierno"},"content":{"rendered":"\n<p>Lisbeth Mej\u00eda Reyes\/Zona Roja.<\/p>\n\n\n\n<p>Oaxaca, Oax., a 9 de diciembre de 2025.- El bloqueo de Tlalixtac de Cabrera en el camino que conduce a San Andr\u00e9s Huay\u00e1pam est\u00e1 por cumplir tres semanas y sin que se solucione el conflicto que dio lugar a esta protesta: la reubicaci\u00f3n del centro de gesti\u00f3n integral de residuos.&nbsp;<\/p>\n\n\n\n<p>Ante esto, el presidente municipal de Huay\u00e1pam, Abel Maclovio Pacheco Garc\u00eda, reiter\u00f3 su llamado al gobierno estatal para reubicar su centro integral de gesti\u00f3n de residuos al nuevo predio, como se hab\u00eda comprometido hace un a\u00f1o. Tambi\u00e9n para que dialogue con Tlalixtac y quite el bloqueo a la comunidad, pues afecta el derecho al libre tr\u00e1nsito de la comunidad, incluso de estudiantes de Tlalixtac que acuden a la secundaria en Huay\u00e1pam.<\/p>\n\n\n\n<p>El edil igualmente apel\u00f3 a la sensibilidad de la comunidad vecina, a cuyas autoridades ya se les explic\u00f3 que el centro integral de gesti\u00f3n (localizado al norte) no se est\u00e1 usando desde hace un a\u00f1o y que aunque se utilizara no implica riesgos, pues cumple con la normatividad ambiental.<\/p>\n\n\n\n<p>En entrevista con la agencia ZONA ROJA, Pacheco Garc\u00eda detall\u00f3 que a ra\u00edz del conflicto surgido hace un a\u00f1o dejaron de usar el centro de gesti\u00f3n. Adem\u00e1s de que la comunidad, donde semanalmente se recolectan cinco o hasta seis toneladas de desechos, env\u00eda el 99 por ciento de los residuos a la cementera Cruz Azul, en Lagunas.&nbsp;<\/p>\n\n\n\n<p>El uno por ciento restante se lleva al centro de transferencia temporal de Santa Cruz Xoxocotl\u00e1n, donde hasta ahora no han erogado gastos.<\/p>\n\n\n\n<p>Para ambos casos, detall\u00f3 que la separaci\u00f3n previa de los desechos solamente se hace en un centro de transferencia de la misma comunidad, al sur, pero lejos de los l\u00edmites con Tlalixtac.<\/p>\n\n\n\n<p>Sin embargo, espera que el gobierno estatal construya el nuevo centro de gesti\u00f3n integral de residuos en el nuevo predio que aprob\u00f3 la poblaci\u00f3n de Huay\u00e1pam y que ya cuenta con los estudios para tal fin. Lo anterior debido a que no pueden depender por siempre del centro de transferencia de Xoxocotl\u00e1n y del Centro Integral de Gesti\u00f3n de Residuos S\u00f3lidos Urbanos del gobierno estatal.<\/p>\n\n\n\n<p>Pacheco reiter\u00f3 su llamado al gobierno estatal para solucionar el problema, a fin de que Tlalixtac retire los mont\u00edculos de tierra que desde el 19 de noviembre impiden el ingreso a Huay\u00e1pam, en los alrededores de las presas.<\/p>\n","protected":false},"excerpt":{"rendered":"<p>Lisbeth Mej\u00eda Reyes\/Zona Roja. Oaxaca, Oax., a 9 de diciembre de 2025.- El bloqueo de&hellip;<\/p>\n","protected":false},"author":2,"featured_media":87815,"comment_status":"closed","ping_status":"open","sticky":false,"template":"","format":"standard","meta":{"_lmt_disableupdate":"","_lmt_disable":"","_jetpack_memberships_contains_paid_content":false,"footnotes":""},"categories":[109,47],"tags":[1909],"class_list":["post-87814","post","type-post","status-publish","format-standard","has-post-thumbnail","hentry","category-minuto-a-minuto","category-zona-gris","tag-san-andres-huayapam"],"jetpack_featured_media_url":"https:\/\/zonaroja.com.mx\/wp-content\/uploads\/2025\/12\/Bloqueo-de-Tlalixtac-a-carretera-Huauyapam.jpg","jetpack_sharing_enabled":true,"_links":{"self":[{"href":"https:\/\/zonaroja.com.mx\/index.php?rest_route=\/wp\/v2\/posts\/87814","targetHints":{"allow":["GET"]}}],"collection":[{"href":"https:\/\/zonaroja.com.mx\/index.php?rest_route=\/wp\/v2\/posts"}],"about":[{"href":"https:\/\/zonaroja.com.mx\/index.php?rest_route=\/wp\/v2\/types\/post"}],"author":[{"embeddable":true,"href":"https:\/\/zonaroja.com.mx\/index.php?rest_route=\/wp\/v2\/users\/2"}],"replies":[{"embeddable":true,"href":"https:\/\/zonaroja.com.mx\/index.php?rest_route=%2Fwp%2Fv2%2Fcomments&post=87814"}],"version-history":[{"count":1,"href":"https:\/\/zonaroja.com.mx\/index.php?rest_route=\/wp\/v2\/posts\/87814\/revisions"}],"predecessor-version":[{"id":87816,"href":"https:\/\/zonaroja.com.mx\/index.php?rest_route=\/wp\/v2\/posts\/87814\/revisions\/87816"}],"wp:featuredmedia":[{"embeddable":true,"href":"https:\/\/zonaroja.com.mx\/index.php?rest_route=\/wp\/v2\/media\/87815"}],"wp:attachment":[{"href":"https:\/\/zonaroja.com.mx\/index.php?rest_route=%2Fwp%2Fv2%2Fmedia&parent=87814"}],"wp:term":[{"taxonomy":"category","embeddable":true,"href":"https:\/\/zonaroja.com.mx\/index.php?rest_route=%2Fwp%2Fv2%2Fcategories&post=87814"},{"taxonomy":"post_tag","embeddable":true,"href":"https:\/\/zonaroja.com.mx\/index.php?rest_route=%2Fwp%2Fv2%2Ftags&post=87814"}],"curies":[{"name":"wp","href":"https:\/\/api.w.org\/{rel}","templated":true}]}}