{"id":8782,"date":"2020-02-14T22:16:33","date_gmt":"2020-02-15T04:16:33","guid":{"rendered":"http:\/\/www.zonaroja.com.mx\/?p=8782"},"modified":"2020-02-14T22:27:22","modified_gmt":"2020-02-15T04:27:22","slug":"hallan-muerto-a-taxista-desaparecido-en-asuncion-nochixtlan-oaxaca","status":"publish","type":"post","link":"https:\/\/zonaroja.com.mx\/?p=8782","title":{"rendered":"Hallan muerto a taxista desaparecido en Asunci\u00f3n Nochixtl\u00e1n, Oaxaca"},"content":{"rendered":"\n<p>Redacci\u00f3n\/Zona Roja.<\/p>\n\n\n\n<p>Oaxaca de Ju\u00e1rez, Oax., La tarde de este viernes fue hallado el cuerpo sin vida de un taxista que ayer fue reportado como desaparecido en el municipio de  Asunci\u00f3n Nochixtl\u00e1n, regi\u00f3n Mixteca de Oaxaca.<\/p>\n\n\n\n<p>De acuerdo con informes policiacos\npreliminares, se trata de Le\u00f3nidas C\u00e9sar J. S., quien se encontr\u00f3 en el\ninterior de su unidad de motor de servicio de alquiler, del sitio \u201cTaxis de\nNochixtl\u00e1n\u201d, con n\u00famero econ\u00f3mico 13.<\/p>\n\n\n\n<p>Hasta el momento se desconocen las\ncausas del fallecimiento; se presume que se trata de un homicidio doloso. <\/p>\n\n\n\n<p>La unidad junto con el conductor\ndesaparecieron en Nochixtl\u00e1n, donde presuntamente fueron secuestrados; y se\nlocalizaron cerca de la carretera local que comunica a San Mateo Yucucui con\nSantiago Tillo.<\/p>\n\n\n\n<p>Taxistas de diversos sitios iniciaron\ndesde la tarde de hoy una serie de movilizaciones, para exigir a la Fiscal\u00eda\nGeneral del Estado, justicia \u00e1gil en contra del o de los presuntos\ndelincuentes.<\/p>\n","protected":false},"excerpt":{"rendered":"<p>Redacci\u00f3n\/Zona Roja. Oaxaca de Ju\u00e1rez, Oax., La tarde de este viernes fue hallado el cuerpo&hellip;<\/p>\n","protected":false},"author":2,"featured_media":8786,"comment_status":"closed","ping_status":"open","sticky":false,"template":"","format":"standard","meta":{"_lmt_disableupdate":"","_lmt_disable":"","_jetpack_memberships_contains_paid_content":false,"footnotes":""},"categories":[109,51],"tags":[128],"class_list":["post-8782","post","type-post","status-publish","format-standard","has-post-thumbnail","hentry","category-minuto-a-minuto","category-zona-roja","tag-asuncion-nochixtlan"],"jetpack_featured_media_url":"https:\/\/zonaroja.com.mx\/wp-content\/uploads\/2020\/02\/img_8982-2.jpg","jetpack_sharing_enabled":true,"_links":{"self":[{"href":"https:\/\/zonaroja.com.mx\/index.php?rest_route=\/wp\/v2\/posts\/8782","targetHints":{"allow":["GET"]}}],"collection":[{"href":"https:\/\/zonaroja.com.mx\/index.php?rest_route=\/wp\/v2\/posts"}],"about":[{"href":"https:\/\/zonaroja.com.mx\/index.php?rest_route=\/wp\/v2\/types\/post"}],"author":[{"embeddable":true,"href":"https:\/\/zonaroja.com.mx\/index.php?rest_route=\/wp\/v2\/users\/2"}],"replies":[{"embeddable":true,"href":"https:\/\/zonaroja.com.mx\/index.php?rest_route=%2Fwp%2Fv2%2Fcomments&post=8782"}],"version-history":[{"count":2,"href":"https:\/\/zonaroja.com.mx\/index.php?rest_route=\/wp\/v2\/posts\/8782\/revisions"}],"predecessor-version":[{"id":8787,"href":"https:\/\/zonaroja.com.mx\/index.php?rest_route=\/wp\/v2\/posts\/8782\/revisions\/8787"}],"wp:featuredmedia":[{"embeddable":true,"href":"https:\/\/zonaroja.com.mx\/index.php?rest_route=\/wp\/v2\/media\/8786"}],"wp:attachment":[{"href":"https:\/\/zonaroja.com.mx\/index.php?rest_route=%2Fwp%2Fv2%2Fmedia&parent=8782"}],"wp:term":[{"taxonomy":"category","embeddable":true,"href":"https:\/\/zonaroja.com.mx\/index.php?rest_route=%2Fwp%2Fv2%2Fcategories&post=8782"},{"taxonomy":"post_tag","embeddable":true,"href":"https:\/\/zonaroja.com.mx\/index.php?rest_route=%2Fwp%2Fv2%2Ftags&post=8782"}],"curies":[{"name":"wp","href":"https:\/\/api.w.org\/{rel}","templated":true}]}}