{"id":87820,"date":"2025-12-09T11:15:00","date_gmt":"2025-12-09T17:15:00","guid":{"rendered":"https:\/\/zonaroja.com.mx\/?p=87820"},"modified":"2025-12-09T07:28:41","modified_gmt":"2025-12-09T13:28:41","slug":"indagan-crimen-en-miahuatlan-sube-a-dos-los-asesinados-en-huajuapan","status":"publish","type":"post","link":"https:\/\/zonaroja.com.mx\/?p=87820","title":{"rendered":"Indagan crimen en Miahuatl\u00e1n; sube a dos los asesinados en Huajuapan"},"content":{"rendered":"\n<p>Raymundo Morales\/Zona Roja.<\/p>\n\n\n\n<p>Oaxaca, Oax., a 9 de diciembre de 2025.- La Fiscal\u00eda General del Estado de Oaxaca contin\u00faa las indagatorias respecto a un crimen perpetrado el fin de semana en Miahuatl\u00e1n de Porfirio D\u00edaz.<\/p>\n\n\n\n<p>Fue la tarde del domingo en que sujetos armados dispararon en contra de un individuo en la colonia Benito Ju\u00e1rez de la cabecera municipal; la v\u00edctima fatal fue identificada como Sergio N. B. V., y a\u00fan se desconoce el m\u00f3vil del asesinato.<\/p>\n\n\n\n<p>El hombre era de oficio hojalatero y de acuerdo con vecinos y sus familiares, no se le conocen problemas de otra \u00edndole, por lo cual piden se haga justicia en este caso.<\/p>\n\n\n\n<p>Por otra parte, tambi\u00e9n el domingo por la tarde pero en Huajuapan de Le\u00f3n, municipio de la regi\u00f3n Mixteca, se suscit\u00f3 un ataque armado en contra de dos personas que se transportaban en una motocicleta.<\/p>\n\n\n\n<p>En el sitio, avenida Poniente de la colonia Vista Hermosa, cerca de la carretera federal, perdi\u00f3 la vida uno de ellos y otro m\u00e1s fue trasladado en estado grave a un hospital, donde falleci\u00f3 horas m\u00e1s tarde.<\/p>\n\n\n\n<p>Ambas v\u00edctimas fueron identificadas como Brandon Emmanuel M. M., de 20 a\u00f1os de edad, y Jos\u00e9 Juan S. S., de 24 a\u00f1os.<\/p>\n\n\n\n<p>Hasta el momento no hay personas detenidas por este caso y la Vicefiscal\u00eda Regional de la Mixteca, dependiente de la Fiscal\u00eda General, contin\u00faa con las indagatorias.<\/p>\n","protected":false},"excerpt":{"rendered":"<p>Raymundo Morales\/Zona Roja. Oaxaca, Oax., a 9 de diciembre de 2025.- La Fiscal\u00eda General del&hellip;<\/p>\n","protected":false},"author":2,"featured_media":68050,"comment_status":"closed","ping_status":"open","sticky":false,"template":"","format":"standard","meta":{"_lmt_disableupdate":"","_lmt_disable":"","_jetpack_memberships_contains_paid_content":false,"footnotes":""},"categories":[109,51],"tags":[169],"class_list":["post-87820","post","type-post","status-publish","format-standard","has-post-thumbnail","hentry","category-minuto-a-minuto","category-zona-roja","tag-miahuatlan-de-porfirio-diaz"],"jetpack_featured_media_url":"https:\/\/zonaroja.com.mx\/wp-content\/uploads\/2024\/05\/Escena-asesinato-crimen.jpg","jetpack_sharing_enabled":true,"_links":{"self":[{"href":"https:\/\/zonaroja.com.mx\/index.php?rest_route=\/wp\/v2\/posts\/87820","targetHints":{"allow":["GET"]}}],"collection":[{"href":"https:\/\/zonaroja.com.mx\/index.php?rest_route=\/wp\/v2\/posts"}],"about":[{"href":"https:\/\/zonaroja.com.mx\/index.php?rest_route=\/wp\/v2\/types\/post"}],"author":[{"embeddable":true,"href":"https:\/\/zonaroja.com.mx\/index.php?rest_route=\/wp\/v2\/users\/2"}],"replies":[{"embeddable":true,"href":"https:\/\/zonaroja.com.mx\/index.php?rest_route=%2Fwp%2Fv2%2Fcomments&post=87820"}],"version-history":[{"count":1,"href":"https:\/\/zonaroja.com.mx\/index.php?rest_route=\/wp\/v2\/posts\/87820\/revisions"}],"predecessor-version":[{"id":87821,"href":"https:\/\/zonaroja.com.mx\/index.php?rest_route=\/wp\/v2\/posts\/87820\/revisions\/87821"}],"wp:featuredmedia":[{"embeddable":true,"href":"https:\/\/zonaroja.com.mx\/index.php?rest_route=\/wp\/v2\/media\/68050"}],"wp:attachment":[{"href":"https:\/\/zonaroja.com.mx\/index.php?rest_route=%2Fwp%2Fv2%2Fmedia&parent=87820"}],"wp:term":[{"taxonomy":"category","embeddable":true,"href":"https:\/\/zonaroja.com.mx\/index.php?rest_route=%2Fwp%2Fv2%2Fcategories&post=87820"},{"taxonomy":"post_tag","embeddable":true,"href":"https:\/\/zonaroja.com.mx\/index.php?rest_route=%2Fwp%2Fv2%2Ftags&post=87820"}],"curies":[{"name":"wp","href":"https:\/\/api.w.org\/{rel}","templated":true}]}}