{"id":87824,"date":"2025-12-09T13:15:00","date_gmt":"2025-12-09T19:15:00","guid":{"rendered":"https:\/\/zonaroja.com.mx\/?p=87824"},"modified":"2025-12-09T07:56:36","modified_gmt":"2025-12-09T13:56:36","slug":"opinion-el-milagro-oaxaqueno-version-primaveral","status":"publish","type":"post","link":"https:\/\/zonaroja.com.mx\/?p=87824","title":{"rendered":"Opini\u00f3n. El milagro oaxaque\u00f1o (versi\u00f3n primaveral)"},"content":{"rendered":"\n<p>Isidoro Yescas*<\/p>\n\n\n\n<p>En el a\u00f1o 2016, dos d\u00edas despu\u00e9s de haber ganado la&nbsp;gubernatura,&nbsp;el&nbsp;pri\u00edsta&nbsp;(y hoy morenista) Alejandro Murat declar\u00f3 a un medio nacional que al concluir su sexenio \u201ctodo el mundo hablar\u00e1 del milagro oaxaque\u00f1o, de eso no hay duda. Vamos a cambiar el rostro de Oaxaca de una vez por todas, dejaremos de ser referente de pobreza y vamos a ser el referente del desarrollo econ\u00f3mico y social\u201d&nbsp;(\u201cEl&nbsp;Universal\u201d, junio 7 del 2016).<\/p>\n\n\n\n<p>Murat concluy\u00f3 su sexenio sin pena ni gloria, se&nbsp;fue&nbsp;de Oaxaca y el \u201cmilagro oaxaque\u00f1o\u201d nunca lleg\u00f3.<\/p>\n\n\n\n<p>Todav\u00eda Murat no&nbsp;abandonaba el Palacio de Gobierno cuando el entonces candidato de Morena a&nbsp;gobernador&nbsp;Salom\u00f3n&nbsp;Jara Cruz, expres\u00f3 en un mitin realizado en la &nbsp;agencia de Cinco Se\u00f1ores, del municipio de Oaxaca de Ju\u00e1rez: \u201cDios no quiere que seamos pobres, los que quieren que seamos pobres son los malos gobiernos\u201d.&nbsp;( Zona&nbsp;Roja, mayo 18 del 2022).<\/p>\n\n\n\n<p>En d\u00edas recientes, en su mensaje pol\u00edtico para conmemorar sus tres primeros a\u00f1os como jefe del Poder Ejecutivo&nbsp;estatal,&nbsp;Jara&nbsp;record\u00f3 que cuando tom\u00f3 protesta del cargo se comprometi\u00f3 a \u201cno robar, no mentir ni traicionar al pueblo\u201d,&nbsp;para rematar con esta frase que ni a Murat se le ocurri\u00f3: \u201csomos el mejor gobierno de la historia de Oaxaca.\u201d<\/p>\n\n\n\n<p>El tema del combate a la pobreza en las declaraciones y discursos del exgobernador Alejandro Murat y ahora con Salom\u00f3n Jara no es nuevo y, de hecho,&nbsp;fue &nbsp;el&nbsp;denominador com\u00fan en la narrativa propagand\u00edstica de los gobiernos&nbsp;pri\u00edstas.&nbsp;<\/p>\n\n\n\n<p>Sexenio tras sexenio acabar con la pobreza de los&nbsp;oaxaque\u00f1os ha&nbsp;sido bandera pol\u00edtica, inclusive ha nutrido buena parte de los planes estatales de gobierno pero, en los hechos, la situaci\u00f3n de la mayor\u00eda de la poblaci\u00f3n oaxaque\u00f1a en poco ha mejorado.&nbsp;<\/p>\n\n\n\n<p>Jara atribuye nuestros grandes rezagos sociales a&nbsp;\u201clos&nbsp;malos gobiernos\u201d, pero el suyo ya super\u00f3 en grado superlativo a los peores gobiernos del PRI.&nbsp;<\/p>\n\n\n\n<p>A &nbsp;la&nbsp;mitad de su sexenio, y en la antesala de la consulta ciudadana revocatoria, el gobernador primaveral&nbsp;presume que hoy 280 mil personas dejaron de ser pobres y otros 165 mil ya no viven en pobreza extrema.<\/p>\n\n\n\n<p>Al t\u00e9rmino de su sexenio, el hoy camarada Alejandro Murat refiri\u00f3 que entre el 2016 y&nbsp;2020 &nbsp;noventa&nbsp;&nbsp;mil oaxaque\u00f1os abandonaron su situaci\u00f3n de pobreza y otros 88 mil la pobreza extrema.<\/p>\n\n\n\n<p>En materia de seguridad, Jara cita como principal logro que&nbsp;hoy&nbsp;Oaxaca es&nbsp;la quinta entidad m\u00e1s segura de M\u00e9xico.&nbsp;Cinco lugares menos que los diez que su compa\u00f1ero de partido sol\u00eda repetirlo para quien quisiera creerle.&nbsp;<\/p>\n\n\n\n<p>Sin embargo, lo que a diario se atestigua es una creciente inseguridad y violencia en pr\u00e1cticamente toda la entidad, pero con mayor frecuencia e intensidad en las regiones del Istmo, la Costa, los Valles Centrales y la Cuenca.&nbsp;<\/p>\n\n\n\n<p>Y aunque los principales hospitales p\u00fablicos se encuentran con serios problemas de desabasto de medicamentos, y equipo m\u00e9dico deficiente e insuficiente&nbsp;( Hospital&nbsp;Civil, Hospital Ju\u00e1rez del ISSSTE, cl\u00ednicas&nbsp;&nbsp;de los SSO,&nbsp;etc.) el gobernador Jara afirma&nbsp;&nbsp;que su gobierno ha cubierto con el 80 por ciento de abasto&nbsp;de todo tipo de medicamentos.<\/p>\n\n\n\n<p>Es claro que el&nbsp;\u201cno mentir, no robar ni traicionar al pueblo\u201d&nbsp;es una mera expresi\u00f3n para salir al paso del enorme cat\u00e1logo de&nbsp;mentiras&nbsp;expresadas&nbsp;desde la campa\u00f1a y en estos tres funestos a\u00f1os de la Primavera Oaxaque\u00f1a.&nbsp;<\/p>\n\n\n\n<p>Con la mentira y el asalto a las arcas p\u00fablicas ya institucionalizado, y con una entidad que sigue tan pobre e insegura&nbsp;(mucho m\u00e1s)&nbsp;como lo estuvo con los gobiernos&nbsp;pri\u00edstas, les dejo esta perla pronunciada hace algunos d\u00edas&nbsp;por el gobernador Jara&nbsp;para que en el 2028 no se olvide : \u201cCuando termine mi sexenio no habr\u00e1 ning\u00fan camino con baches en el estado de Oaxaca.\u201d&nbsp;(Cuarta&nbsp;Plana, diciembre 3 del 2025).<\/p>\n\n\n\n<p>*Maestro en sociolog\u00eda y periodista.<\/p>\n\n\n\n<p>X:@YescasIsidoro<\/p>\n","protected":false},"excerpt":{"rendered":"<p>Isidoro Yescas* En el a\u00f1o 2016, dos d\u00edas despu\u00e9s de haber ganado la&nbsp;gubernatura,&nbsp;el&nbsp;pri\u00edsta&nbsp;(y hoy morenista)&hellip;<\/p>\n","protected":false},"author":2,"featured_media":71623,"comment_status":"closed","ping_status":"open","sticky":false,"template":"","format":"standard","meta":{"_lmt_disableupdate":"","_lmt_disable":"","_jetpack_memberships_contains_paid_content":false,"footnotes":""},"categories":[456,109],"tags":[3998],"class_list":["post-87824","post","type-post","status-publish","format-standard","has-post-thumbnail","hentry","category-columna","category-minuto-a-minuto","tag-isidoro-yescas-martinez"],"jetpack_featured_media_url":"https:\/\/zonaroja.com.mx\/wp-content\/uploads\/2024\/08\/Opinion.-Isidoro-Yescas.jpg","jetpack_sharing_enabled":true,"_links":{"self":[{"href":"https:\/\/zonaroja.com.mx\/index.php?rest_route=\/wp\/v2\/posts\/87824","targetHints":{"allow":["GET"]}}],"collection":[{"href":"https:\/\/zonaroja.com.mx\/index.php?rest_route=\/wp\/v2\/posts"}],"about":[{"href":"https:\/\/zonaroja.com.mx\/index.php?rest_route=\/wp\/v2\/types\/post"}],"author":[{"embeddable":true,"href":"https:\/\/zonaroja.com.mx\/index.php?rest_route=\/wp\/v2\/users\/2"}],"replies":[{"embeddable":true,"href":"https:\/\/zonaroja.com.mx\/index.php?rest_route=%2Fwp%2Fv2%2Fcomments&post=87824"}],"version-history":[{"count":1,"href":"https:\/\/zonaroja.com.mx\/index.php?rest_route=\/wp\/v2\/posts\/87824\/revisions"}],"predecessor-version":[{"id":87825,"href":"https:\/\/zonaroja.com.mx\/index.php?rest_route=\/wp\/v2\/posts\/87824\/revisions\/87825"}],"wp:featuredmedia":[{"embeddable":true,"href":"https:\/\/zonaroja.com.mx\/index.php?rest_route=\/wp\/v2\/media\/71623"}],"wp:attachment":[{"href":"https:\/\/zonaroja.com.mx\/index.php?rest_route=%2Fwp%2Fv2%2Fmedia&parent=87824"}],"wp:term":[{"taxonomy":"category","embeddable":true,"href":"https:\/\/zonaroja.com.mx\/index.php?rest_route=%2Fwp%2Fv2%2Fcategories&post=87824"},{"taxonomy":"post_tag","embeddable":true,"href":"https:\/\/zonaroja.com.mx\/index.php?rest_route=%2Fwp%2Fv2%2Ftags&post=87824"}],"curies":[{"name":"wp","href":"https:\/\/api.w.org\/{rel}","templated":true}]}}