{"id":87826,"date":"2025-12-09T15:57:00","date_gmt":"2025-12-09T21:57:00","guid":{"rendered":"https:\/\/zonaroja.com.mx\/?p=87826"},"modified":"2025-12-09T07:58:49","modified_gmt":"2025-12-09T13:58:49","slug":"dos-mil-100-millones-de-personas-no-tienen-dinero-para-atencion-medica","status":"publish","type":"post","link":"https:\/\/zonaroja.com.mx\/?p=87826","title":{"rendered":"Dos mil 100 millones de personas no tienen dinero para atenci\u00f3n m\u00e9dica"},"content":{"rendered":"\n<p>Redacci\u00f3n\/Zona Roja Cdmx.<\/p>\n\n\n\n<p>(Informaci\u00f3n de \u201cLa Jornada\u201d)<\/p>\n\n\n\n<p>Ciudad de M\u00e9xico, a 9 de diciembre de 2025.- La Organizaci\u00f3n Mundial de la Salud (OMS) alerta que dos mil 100 millones de personas en el mundo enfrentan dificultades econ\u00f3micas para cubrir la atenci\u00f3n m\u00e9dica. De ellos, mil 600 millones viven en pobreza o enfrentar\u00e1n la pobreza extrema a causa de los gastos de salud.&nbsp;<\/p>\n\n\n\n<p>En el informe \u201cSeguimiento de la cobertura sanitaria universal: informe de monitoreo global 2025\u201d, difundido ayer, destaca que pese a los avances en la cobertura sanitaria universal, \u00e9stos no han sido suficientemente r\u00e1pidos, lo que vulnera el derecho a la salud de millones de seres humanos.&nbsp;<\/p>\n\n\n\n<p>Agrega que 55 por ciento del gasto en salud se destina a la compra de medicamentos, pero entre quienes enfrentan la pobreza \u201cla presi\u00f3n es a\u00fan mucho mayor, ya que en promedio asignan 60 por ciento del gasto en salud a la compra de f\u00e1rmacos, lo que los obliga a sacrificar otras necesidades esenciales\u201d.<\/p>\n\n\n\n<p>El reporte, elaborado en colaboraci\u00f3n con el Banco Mundial, tambi\u00e9n reconoce avances: entre 2000 y 2023 el \u00cdndice de Cobertura de Servicios se elev\u00f3 de 54 a 71 puntos, lo que refleja un mayor acceso de la poblaci\u00f3n a servicios esenciales de salud, mientras la proporci\u00f3n de personas que enfrentan problemas econ\u00f3micos por los gastos en la atenci\u00f3n m\u00e9dica cay\u00f3 de 34 a 26 por ciento.<\/p>\n\n\n\n<p>No obstante, los organismos internacionales advierten que, sin una mayor celeridad en el acceso universal a los servicios de salud, la meta global de lograr la cobertura para 2030 no se podr\u00e1 alcanzar, e incluso quedar\u00e1 lejos del objetivo.<\/p>\n\n\n\n<p>\u201cA este ritmo, una de cada cuatro personas seguir\u00e1 en dificultades financieras al finalizar el periodo fijado para el logro de los Objetivos de Desarrollo Sostenible\u201d, subraya el informe, en el que se se\u00f1ala que el gasto de bolsillo en servicios de salud tambi\u00e9n afecta a los segmentos poblacionales de ingresos no bajos, especialmente en pa\u00edses de renta media, donde se detect\u00f3 que este grupo est\u00e1 creciendo.<\/p>\n\n\n\n<p>La expansi\u00f3n de los programas contra enfermedades infecciosas, revela el informe, ha sido uno de los motores claves del aumento de la cobertura. Las intervenciones para enfermedades cr\u00f3nicas han registrado adelantos sostenidos, pero los avances en salud sexual, reproductiva, materna, neonatal e infantil han sido m\u00e1s modestos.<\/p>\n\n\n\n<p>La OMS enfatiza que pese a las mejoras alcanzadas, a\u00fan se profundizan las desigualdades, ya que en 2022 \u201ctres de cada cuatro personas en el quintil m\u00e1s pobre enfrentaron dificultades financieras por gastos de salud, frente a menos de una de cada 25 entre el quintil m\u00e1s rico\u201d.<\/p>\n\n\n\n<p>Por lo anterior, la OMS lanz\u00f3 un llamado a la acci\u00f3n urgente con actividades centrales, como garantizar atenci\u00f3n sanitaria esencial gratuita a las personas en situaci\u00f3n de pobreza o vulnerables, ampliar la inversi\u00f3n p\u00fablica en sistemas de salud y abordar el elevado gasto de las personas en medicamentos.<\/p>\n\n\n\n<p>Adem\u00e1s, propone acelerar el acceso a servicios esenciales para las enfermedades cr\u00f3nicas, fortalecer la atenci\u00f3n primaria para fomentar la equidad y la eficiencia, as\u00ed como adoptar enfoques multisectoriales que reconozcan que los determinantes de la salud van m\u00e1s all\u00e1 del sector sanitario.<\/p>\n","protected":false},"excerpt":{"rendered":"<p>Redacci\u00f3n\/Zona Roja Cdmx. (Informaci\u00f3n de \u201cLa Jornada\u201d) Ciudad de M\u00e9xico, a 9 de diciembre de&hellip;<\/p>\n","protected":false},"author":2,"featured_media":73404,"comment_status":"closed","ping_status":"open","sticky":false,"template":"","format":"standard","meta":{"_lmt_disableupdate":"","_lmt_disable":"","_jetpack_memberships_contains_paid_content":false,"footnotes":""},"categories":[109,47],"tags":[],"class_list":["post-87826","post","type-post","status-publish","format-standard","has-post-thumbnail","hentry","category-minuto-a-minuto","category-zona-gris"],"jetpack_featured_media_url":"https:\/\/zonaroja.com.mx\/wp-content\/uploads\/2024\/10\/Sin-acceso-a-salud-ni-medicinas.jpg","jetpack_sharing_enabled":true,"_links":{"self":[{"href":"https:\/\/zonaroja.com.mx\/index.php?rest_route=\/wp\/v2\/posts\/87826","targetHints":{"allow":["GET"]}}],"collection":[{"href":"https:\/\/zonaroja.com.mx\/index.php?rest_route=\/wp\/v2\/posts"}],"about":[{"href":"https:\/\/zonaroja.com.mx\/index.php?rest_route=\/wp\/v2\/types\/post"}],"author":[{"embeddable":true,"href":"https:\/\/zonaroja.com.mx\/index.php?rest_route=\/wp\/v2\/users\/2"}],"replies":[{"embeddable":true,"href":"https:\/\/zonaroja.com.mx\/index.php?rest_route=%2Fwp%2Fv2%2Fcomments&post=87826"}],"version-history":[{"count":1,"href":"https:\/\/zonaroja.com.mx\/index.php?rest_route=\/wp\/v2\/posts\/87826\/revisions"}],"predecessor-version":[{"id":87827,"href":"https:\/\/zonaroja.com.mx\/index.php?rest_route=\/wp\/v2\/posts\/87826\/revisions\/87827"}],"wp:featuredmedia":[{"embeddable":true,"href":"https:\/\/zonaroja.com.mx\/index.php?rest_route=\/wp\/v2\/media\/73404"}],"wp:attachment":[{"href":"https:\/\/zonaroja.com.mx\/index.php?rest_route=%2Fwp%2Fv2%2Fmedia&parent=87826"}],"wp:term":[{"taxonomy":"category","embeddable":true,"href":"https:\/\/zonaroja.com.mx\/index.php?rest_route=%2Fwp%2Fv2%2Fcategories&post=87826"},{"taxonomy":"post_tag","embeddable":true,"href":"https:\/\/zonaroja.com.mx\/index.php?rest_route=%2Fwp%2Fv2%2Ftags&post=87826"}],"curies":[{"name":"wp","href":"https:\/\/api.w.org\/{rel}","templated":true}]}}