{"id":87831,"date":"2025-12-09T18:54:03","date_gmt":"2025-12-10T00:54:03","guid":{"rendered":"https:\/\/zonaroja.com.mx\/?p=87831"},"modified":"2025-12-09T18:54:06","modified_gmt":"2025-12-10T00:54:06","slug":"presunto-pornografo-tenia-mas-de-70-mil-fotos-y-videos-de-contenido-sexual","status":"publish","type":"post","link":"https:\/\/zonaroja.com.mx\/?p=87831","title":{"rendered":"Presunto porn\u00f3grafo ten\u00eda m\u00e1s de 70 mil fotos y videos de contenido sexual"},"content":{"rendered":"\n<p>Raymundo Morales\/Zona Roja.<\/p>\n\n\n\n<p>Oaxaca, Oax., a 9 de diciembre de 2025.- La Fiscal\u00eda General del Estado de Oaxaca desarticul\u00f3 una red de pornograf\u00eda infantil en la capital del estado, que ten\u00eda en su poder alrededor de 70 mil fotos y video con contenido sexual y que vend\u00eda mediante la mensajer\u00eda Telegram.<\/p>\n\n\n\n<p>Adem\u00e1s, en la acci\u00f3n efectuada recientemente en un domicilio de la colonia Eliseo Jim\u00e9nez Ruiz, se detuvo a una persona identificada como Luis Alfredo F. V., y se decomisaron celulares, computadoras, tabletas y dispositivos de almacenamiento de datos.<\/p>\n\n\n\n<p>En conferencia de prensa, el fiscal General Bernardo Rodr\u00edguez Alamilla destac\u00f3 el esfuerzo conjunto con la Polic\u00eda Cibern\u00e9tica, el centro C-5, la Unidad Policial de Combate al Secuestro y la Agencia Estatal de Investigaciones, as\u00ed como de la Polic\u00eda Estatal y la Guardia Nacional.<\/p>\n\n\n\n<p>Durante la ejecuci\u00f3n del cateo, aseguraron equipos tecnol\u00f3gicos utilizados presuntamente para la operaci\u00f3n criminal, entre ellos dos computadoras gamer de escritorio, siete laptops, 11 smartphones y una tableta electr\u00f3nica.<\/p>\n\n\n\n<p>Rodr\u00edguez Alamilla puntualiz\u00f3 que, derivado de los trabajos ministeriales, forenses y de an\u00e1lisis digital, se estableci\u00f3 que las personas involucradas operaban principalmente a trav\u00e9s de plataformas de mensajer\u00eda como WhatsApp y, de forma predominante, Telegram, por donde distribu\u00edan el material.<\/p>\n\n\n\n<p>Adem\u00e1s, se hallaron conversaciones de chats en los que se amenazaba a las v\u00edctimas para obligarlas a enviar contenido sexual.<\/p>\n\n\n\n<p>Indic\u00f3 que, como resultado de los an\u00e1lisis forenses, se han recuperado m\u00e1s de 50 mil im\u00e1genes, 18 mil archivos de audio y dos mil 683 videos, todos relacionados con la distribuci\u00f3n de contenido sexual infantil.<\/p>\n\n\n\n<p>Tras su detenci\u00f3n, Luis Alfredo F. V. qued\u00f3 a disposici\u00f3n de la autoridad ministerial competente, para determinar su situaci\u00f3n jur\u00eddica por su probable responsabilidad en delitos vinculados a la explotaci\u00f3n sexual infantil.<\/p>\n\n\n\n<p>El fiscal de Oaxaca resalt\u00f3 que la investigaci\u00f3n ministerial est\u00e1 abierta y se ampl\u00eda para identificar a todas las personas involucradas en la red, incluyendo distribuidores, consumidores y solicitantes del material il\u00edcito.<\/p>\n\n\n\n<p>Asimismo, inform\u00f3 que la Fiscal\u00eda, a trav\u00e9s de la Fiscal\u00eda Especializada para la Atenci\u00f3n a Delitos Contra la Mujer por Raz\u00f3n de G\u00e9nero y de la Fiscal\u00eda Especializada en Justicia para Ni\u00f1as, Ni\u00f1os y Adolescentes, brinda acompa\u00f1amiento integral y especializado a las v\u00edctimas, con plena perspectiva de infancia.<\/p>\n\n\n\n<p>Finalmente, el titular de la instituci\u00f3n de procuraci\u00f3n de justicia destac\u00f3 que la denuncia ciudadana al n\u00famero 089 es una herramienta clave en la desarticulaci\u00f3n de delitos de alto impacto, y reiter\u00f3 el compromiso de la Fiscal\u00eda de Oaxaca de garantizar el acceso a la justicia y la protecci\u00f3n de los derechos de ni\u00f1as, ni\u00f1os y adolescentes en el estado.<\/p>\n\n\n\n<p>En la conferencia de prensa participaron la fiscal Especializada para la Atenci\u00f3n a Delitos Contra la Mujer por Raz\u00f3n de G\u00e9nero, Margarita Guzm\u00e1n Corsi; el coordinador general de la Agencia Estatal de Investigaciones (AEI), Jaciel V\u00e1squez Castro y\u00a0 el encargado de la Polic\u00eda Cibern\u00e9tica, Fredy R\u00edos Mel\u00e9ndez.<\/p>\n\n\n\n<figure class=\"wp-block-embed is-type-rich is-provider-twitter wp-block-embed-twitter\"><div class=\"wp-block-embed__wrapper\">\n<div class=\"twitter-tweet\"><blockquote class=\"twitter-tweet\" data-lang=\"es\"><p lang=\"es\" dir=\"ltr\"><a href=\"https:\/\/twitter.com\/hashtag\/ENVIVO?src=hash&amp;ref_src=twsrc%5Etfw\">#ENVIVO<\/a><br>Oaxaca.- El titular de la Fiscal\u00eda General del Estado de Oaxaca, Bernardo Rodr\u00edguez Alamilla, informe en conferencia avances en materia de procuraci\u00f3n de justicia. <br>Escuche: <a href=\"https:\/\/t.co\/jl7Ya7poCZ\">https:\/\/t.co\/jl7Ya7poCZ<\/a><\/p>&mdash; Zona Roja Oaxaca (@ZonaRoja_Oaxaca) <a href=\"https:\/\/twitter.com\/ZonaRoja_Oaxaca\/status\/1998453721743622308?ref_src=twsrc%5Etfw\">9 de diciembre de 2025<\/a><\/blockquote><\/div>\n<\/div><\/figure>\n","protected":false},"excerpt":{"rendered":"<p>Raymundo Morales\/Zona Roja. Oaxaca, Oax., a 9 de diciembre de 2025.- La Fiscal\u00eda General del&hellip;<\/p>\n","protected":false},"author":2,"featured_media":87832,"comment_status":"closed","ping_status":"open","sticky":false,"template":"","format":"standard","meta":{"_lmt_disableupdate":"","_lmt_disable":"","_jetpack_memberships_contains_paid_content":false,"footnotes":""},"categories":[109,46],"tags":[494],"class_list":["post-87831","post","type-post","status-publish","format-standard","has-post-thumbnail","hentry","category-minuto-a-minuto","category-zona-blanca","tag-fiscalia-general-del-estado-de-oaxaca"],"jetpack_featured_media_url":"https:\/\/zonaroja.com.mx\/wp-content\/uploads\/2025\/12\/DEtenido-pornografia-Oaxaca-fiscal-General.jpg","jetpack_sharing_enabled":true,"_links":{"self":[{"href":"https:\/\/zonaroja.com.mx\/index.php?rest_route=\/wp\/v2\/posts\/87831","targetHints":{"allow":["GET"]}}],"collection":[{"href":"https:\/\/zonaroja.com.mx\/index.php?rest_route=\/wp\/v2\/posts"}],"about":[{"href":"https:\/\/zonaroja.com.mx\/index.php?rest_route=\/wp\/v2\/types\/post"}],"author":[{"embeddable":true,"href":"https:\/\/zonaroja.com.mx\/index.php?rest_route=\/wp\/v2\/users\/2"}],"replies":[{"embeddable":true,"href":"https:\/\/zonaroja.com.mx\/index.php?rest_route=%2Fwp%2Fv2%2Fcomments&post=87831"}],"version-history":[{"count":1,"href":"https:\/\/zonaroja.com.mx\/index.php?rest_route=\/wp\/v2\/posts\/87831\/revisions"}],"predecessor-version":[{"id":87833,"href":"https:\/\/zonaroja.com.mx\/index.php?rest_route=\/wp\/v2\/posts\/87831\/revisions\/87833"}],"wp:featuredmedia":[{"embeddable":true,"href":"https:\/\/zonaroja.com.mx\/index.php?rest_route=\/wp\/v2\/media\/87832"}],"wp:attachment":[{"href":"https:\/\/zonaroja.com.mx\/index.php?rest_route=%2Fwp%2Fv2%2Fmedia&parent=87831"}],"wp:term":[{"taxonomy":"category","embeddable":true,"href":"https:\/\/zonaroja.com.mx\/index.php?rest_route=%2Fwp%2Fv2%2Fcategories&post=87831"},{"taxonomy":"post_tag","embeddable":true,"href":"https:\/\/zonaroja.com.mx\/index.php?rest_route=%2Fwp%2Fv2%2Ftags&post=87831"}],"curies":[{"name":"wp","href":"https:\/\/api.w.org\/{rel}","templated":true}]}}