{"id":87834,"date":"2025-12-09T19:53:16","date_gmt":"2025-12-10T01:53:16","guid":{"rendered":"https:\/\/zonaroja.com.mx\/?p=87834"},"modified":"2025-12-09T19:53:17","modified_gmt":"2025-12-10T01:53:17","slug":"en-primer-informe-raymundo-chagoya-exhorta-a-seguir-trabajando-por-la-capital","status":"publish","type":"post","link":"https:\/\/zonaroja.com.mx\/?p=87834","title":{"rendered":"En primer informe, Raymundo Chagoya exhorta a seguir trabajando por la capital\u00a0"},"content":{"rendered":"\n<p>Lisbeth Mej\u00eda Reyes\/Zona Roja.<\/p>\n\n\n\n<p>Oaxaca, Oax., a 9 de diciembre de 2025.- Como lo marca la Ley Org\u00e1nica Municipal del Estado de Oaxaca, el Cabildo de Oaxaca de Ju\u00e1rez rindi\u00f3 este martes su primer informe de gobierno durante una sesi\u00f3n solemne, en la cual el presidente municipal, Raymundo Chagoya Villanueva, llam\u00f3 a sus compa\u00f1eros a seguir trabajando por una ciudad segura y limpia.<\/p>\n\n\n\n<p>Desde el sal\u00f3n Porfirio D\u00edaz Mori, en el palacio municipal, el concejal reconoci\u00f3 y agradeci\u00f3 el trabajo de las y los 15 concejales que junto con \u00e9l est\u00e1n al frente de la administraci\u00f3n municipal 2025-2027.&nbsp;<\/p>\n\n\n\n<p>\u00abHoy, al reconocer a cada integrante del Cabildo, reconozco tambi\u00e9n algo m\u00e1s grande: el esp\u00edritu colectivo que sostiene esta transformaci\u00f3n, el esp\u00edritu colectivo que se siente aqu\u00ed en la sala de Cabildo: un gobierno que escucha, que camina, que atiende, que resuelve, que trabaja con energ\u00eda, que construye una ciudad limpia para nuestras vecinas y vecinos\u00bb, expres\u00f3 el edil ante el funcionariado y ciudadan\u00eda.<\/p>\n\n\n\n<p>El primer concejal tambi\u00e9n remarc\u00f3 parte de los informes emitidos previamente por las y los regidores, quienes dieron cuenta de su desempe\u00f1o en las sesiones de cabildo, en la atenci\u00f3n a la ciudadan\u00eda y en la generaci\u00f3n de pol\u00edticas municipales.<\/p>\n\n\n\n<p>Por ejemplo, la s\u00edndica primera, Obtulia Salgado Delgado, se\u00f1al\u00f3 que se fortalecieron los procesos de adquisiciones y regularizaci\u00f3n de predios; el s\u00edndico segundo, Ricardo Mart\u00ednez P\u00e9rez, detall\u00f3 que se presentaron 32 denuncias y se recuperaron m\u00e1s de 235 mil pesos del patrimonio municipal.<\/p>\n\n\n\n<figure class=\"wp-block-embed is-type-rich is-provider-twitter wp-block-embed-twitter\"><div class=\"wp-block-embed__wrapper\">\n<div class=\"twitter-tweet\"><blockquote class=\"twitter-tweet\" data-lang=\"es\"><p lang=\"es\" dir=\"ltr\"><a href=\"https:\/\/twitter.com\/hashtag\/AlMomento?src=hash&amp;ref_src=twsrc%5Etfw\">#AlMomento<\/a><br>En sesi\u00f3n solemne de Cabildo del <a href=\"https:\/\/twitter.com\/MunicipioOaxaca?ref_src=twsrc%5Etfw\">@MunicipioOaxaca<\/a>, que preside <a href=\"https:\/\/twitter.com\/raychagoya?ref_src=twsrc%5Etfw\">@RayChagoya<\/a>, los concejales rinden su informe de primer a\u00f1o de actividades. <br>Siga aqu\u00ed la transmisi\u00f3n oficial:<br>\ud83d\udc47<a href=\"https:\/\/t.co\/5ORVpeHXOy\">https:\/\/t.co\/5ORVpeHXOy<\/a> <a href=\"https:\/\/t.co\/69Hg82ijEQ\">pic.twitter.com\/69Hg82ijEQ<\/a><\/p>&mdash; Zona Roja Oaxaca (@ZonaRoja_Oaxaca) <a href=\"https:\/\/twitter.com\/ZonaRoja_Oaxaca\/status\/1998429521364623549?ref_src=twsrc%5Etfw\">9 de diciembre de 2025<\/a><\/blockquote><\/div>\n<\/div><\/figure>\n\n\n\n<p>Juana Matilde Garc\u00eda V\u00e1zquez, regidora de Hacienda Municipal, expuso que se recabaron 326 millones 919 mil pesos (por licencias, incentivos fiscales y contribuciones fiscales) y se atendieron m\u00e1s de 2 mil tr\u00e1mites fiscales. Jes\u00fas Quevedo Cort\u00e9s, regidor de Gobierno de Territorio y Normatividad, destac\u00f3 la creaci\u00f3n de un nuevo reglamento de Mercados P\u00fablicos y de la Central de Abasto, as\u00ed como 8 reglamentos reformados. Surisadai S\u00e1nchez Hern\u00e1ndez, de Obras P\u00fablicas y Desarrollo Urbano, coment\u00f3 que se aprob\u00f3 el programa anual de obras 2025 y se retom\u00f3 la realizaci\u00f3n del Plan de Desarrollo Urbano.&nbsp;<\/p>\n\n\n\n<p>Sergio Alejandro Carre\u00f1o, regidor de Bienestar, Tequio e Inclusi\u00f3n, habl\u00f3 sobre la renovaci\u00f3n del comodato para la farmacia Bienestar del gobierno estatal y se\u00f1al\u00f3 un primer acercamiento para la reforma del reglamento de protecci\u00f3n animal.<\/p>\n\n\n\n<p>La concejal de Seguridad Vecinal, Alma Itzel Garc\u00eda Herrera, detall\u00f3 que en este a\u00f1o se crearon 945 comit\u00e9s instalados en materia de seguridad, se gener\u00f3 el protocolo de alcoholimetr\u00eda y la capacitaci\u00f3n inicial de 800 elementos de la polic\u00eda municipal, as\u00ed como otros 200 m\u00e1s recientemente. Dulce Mar\u00eda L\u00e1scarez Santos, de servicios vecinales, coment\u00f3 de la atenci\u00f3n en tres ejes: servicios p\u00fablicos, espect\u00e1culos y uso de espacios p\u00fablicos. Frida Yolanda Lyle, de Prosperidad Compartida, destac\u00f3 el impulso a la econom\u00eda, principalmente en el sector tur\u00edstico.<\/p>\n\n\n\n<p>Antonio \u00c1lvarez Mart\u00ednez, concejal de Centro Hist\u00f3rico y Patrimonio Mundial, subray\u00f3 la implementaci\u00f3n del buz\u00f3n vecinal, as\u00ed como la aplicaci\u00f3n del reglamento del plan parcial del centro hist\u00f3rico y el trabajo para el control de terrazas comerciales.<\/p>\n\n\n\n<p>Judith Carre\u00f1o, regidora de las Mujeres, Ciudad Inclusiva y Derechos Humanos, abord\u00f3 su trabajo sobre el protocolo para prevenir, atender y sancionar el hostigamiento y abuso sexual y bullying laboral en el ayuntamiento. Adem\u00e1s del reglamento interior de la comisi\u00f3n municipal para erradicar el trabajo infantil y la iniciativa de un presupuesto con perspectiva de g\u00e9nero para el ejercicio 2026.<\/p>\n\n\n\n<p>Mart\u00edn V\u00e1zquez Villanueva, concejal de Educaci\u00f3n, se refiri\u00f3 a su trabajo en el impulso de la educaci\u00f3n y cultura.<\/p>\n\n\n\n<p>H\u00e9ctor Pablo Ram\u00edrez Puga, regidor de Protecci\u00f3n Civil, habl\u00f3 de la vinculaci\u00f3n con la UABJO para renovar el Atlas de Riegos que no se actualiza desde su publicaci\u00f3n en 2011. Asimismo, que se trabaj\u00f3 en la actualizaci\u00f3n del reglamento de Protecci\u00f3n Civil municipal.<\/p>\n","protected":false},"excerpt":{"rendered":"<p>Lisbeth Mej\u00eda Reyes\/Zona Roja. Oaxaca, Oax., a 9 de diciembre de 2025.- Como lo marca&hellip;<\/p>\n","protected":false},"author":2,"featured_media":87837,"comment_status":"closed","ping_status":"open","sticky":false,"template":"","format":"standard","meta":{"_lmt_disableupdate":"","_lmt_disable":"","_jetpack_memberships_contains_paid_content":false,"footnotes":""},"categories":[109,46],"tags":[148,4403],"class_list":["post-87834","post","type-post","status-publish","format-standard","has-post-thumbnail","hentry","category-minuto-a-minuto","category-zona-blanca","tag-oaxaca-de-juarez","tag-ray-chagoya"],"jetpack_featured_media_url":"https:\/\/zonaroja.com.mx\/wp-content\/uploads\/2025\/12\/Raymundo-Chagoya-V.jpg","jetpack_sharing_enabled":true,"_links":{"self":[{"href":"https:\/\/zonaroja.com.mx\/index.php?rest_route=\/wp\/v2\/posts\/87834","targetHints":{"allow":["GET"]}}],"collection":[{"href":"https:\/\/zonaroja.com.mx\/index.php?rest_route=\/wp\/v2\/posts"}],"about":[{"href":"https:\/\/zonaroja.com.mx\/index.php?rest_route=\/wp\/v2\/types\/post"}],"author":[{"embeddable":true,"href":"https:\/\/zonaroja.com.mx\/index.php?rest_route=\/wp\/v2\/users\/2"}],"replies":[{"embeddable":true,"href":"https:\/\/zonaroja.com.mx\/index.php?rest_route=%2Fwp%2Fv2%2Fcomments&post=87834"}],"version-history":[{"count":1,"href":"https:\/\/zonaroja.com.mx\/index.php?rest_route=\/wp\/v2\/posts\/87834\/revisions"}],"predecessor-version":[{"id":87838,"href":"https:\/\/zonaroja.com.mx\/index.php?rest_route=\/wp\/v2\/posts\/87834\/revisions\/87838"}],"wp:featuredmedia":[{"embeddable":true,"href":"https:\/\/zonaroja.com.mx\/index.php?rest_route=\/wp\/v2\/media\/87837"}],"wp:attachment":[{"href":"https:\/\/zonaroja.com.mx\/index.php?rest_route=%2Fwp%2Fv2%2Fmedia&parent=87834"}],"wp:term":[{"taxonomy":"category","embeddable":true,"href":"https:\/\/zonaroja.com.mx\/index.php?rest_route=%2Fwp%2Fv2%2Fcategories&post=87834"},{"taxonomy":"post_tag","embeddable":true,"href":"https:\/\/zonaroja.com.mx\/index.php?rest_route=%2Fwp%2Fv2%2Ftags&post=87834"}],"curies":[{"name":"wp","href":"https:\/\/api.w.org\/{rel}","templated":true}]}}