{"id":87839,"date":"2025-12-09T21:08:37","date_gmt":"2025-12-10T03:08:37","guid":{"rendered":"https:\/\/zonaroja.com.mx\/?p=87839"},"modified":"2025-12-09T21:08:39","modified_gmt":"2025-12-10T03:08:39","slug":"docentes-de-la-seccion-22-y-burocratas-vuelven-a-manifestarse-en-oaxaca","status":"publish","type":"post","link":"https:\/\/zonaroja.com.mx\/?p=87839","title":{"rendered":"Docentes de la Secci\u00f3n 22 y bur\u00f3cratas vuelven a manifestarse en Oaxaca\u00a0"},"content":{"rendered":"\n<p>Lisbeth Mej\u00eda Reyes\/Zona Roja.<\/p>\n\n\n\n<p>Oaxaca, Oax., a 9 de diciembre de 2025.- En dos protestas diferentes, este martes docentes de la Secci\u00f3n 22 y trabajadores del gobierno estatal afectados por el decreto 24 volvieron a manifestarse en el estado de Oaxaca.&nbsp;<\/p>\n\n\n\n<p>En el primero de los casos, la movilizaci\u00f3n fue mediante un bloqueo en la calzada H\u00e9roes de Chapultepec, esquina con la gasolinera del DIF, la avenida Ju\u00e1rez y la calzada Porfirio D\u00edaz, en la ciudad de Oaxaca.&nbsp;<\/p>\n\n\n\n<p>Ah\u00ed, con un cami\u00f3n del transporte urbano y una unidad del Binnibus, docentes de educaci\u00f3n f\u00edsica adheridos a la Secci\u00f3n 22 afectaron por varias horas el tr\u00e1nsito vehicular.<\/p>\n\n\n\n<p>Su exigencia se centr\u00f3 en la liberaci\u00f3n de pagos retenidos a decenas de compa\u00f1eros, as\u00ed como garant\u00edas de un presupuesto para actividades deportivas en las escuelas.<\/p>\n\n\n\n<p>El bloqueo se registr\u00f3 cerca del mediod\u00eda y se retir\u00f3 aproximadamente a las tres de la tarde, tras conseguir una mesa de di\u00e1logo con las autoridades educativas del gobierno de Oaxaca.<\/p>\n\n\n\n<p>Por su parte, un grupo de empleados sindicalizados del Gobierno del Estado de manifest\u00f3 a las afueras del congreso local en San Raymundo Jalpan, durante el d\u00eda de la sesi\u00f3n de la legislatura.<\/p>\n\n\n\n<p>Con lonas y consignas, quienes fueron afectados por el decreto 24 sobre la eliminaci\u00f3n de plazas, exigieron la abrogaci\u00f3n del decreto, ya que mantienen la incertidumbre sobre sus puestos, pese a haber sido restituidos en sus funciones por parte del ejecutivo estatal.<\/p>\n\n\n\n<p>De acuerdo con los bur\u00f3cratas, es necesario que el congreso elimine el decreto que aprob\u00f3 en diciembre de 2024 a petici\u00f3n del ejecutivo estatal para suprimir m\u00e1s de 1,300 plazas o bases de la administraci\u00f3n estatal.<\/p>\n","protected":false},"excerpt":{"rendered":"<p>Lisbeth Mej\u00eda Reyes\/Zona Roja. Oaxaca, Oax., a 9 de diciembre de 2025.- En dos protestas&hellip;<\/p>\n","protected":false},"author":2,"featured_media":87840,"comment_status":"closed","ping_status":"open","sticky":false,"template":"","format":"standard","meta":{"_lmt_disableupdate":"","_lmt_disable":"","_jetpack_memberships_contains_paid_content":false,"footnotes":""},"categories":[109,47],"tags":[2264],"class_list":["post-87839","post","type-post","status-publish","format-standard","has-post-thumbnail","hentry","category-minuto-a-minuto","category-zona-gris","tag-bloqueos-y-protestas-oaxaca"],"jetpack_featured_media_url":"https:\/\/zonaroja.com.mx\/wp-content\/uploads\/2025\/12\/Bloqueos-Oaxaca-9-de-dic.jpg","jetpack_sharing_enabled":true,"_links":{"self":[{"href":"https:\/\/zonaroja.com.mx\/index.php?rest_route=\/wp\/v2\/posts\/87839","targetHints":{"allow":["GET"]}}],"collection":[{"href":"https:\/\/zonaroja.com.mx\/index.php?rest_route=\/wp\/v2\/posts"}],"about":[{"href":"https:\/\/zonaroja.com.mx\/index.php?rest_route=\/wp\/v2\/types\/post"}],"author":[{"embeddable":true,"href":"https:\/\/zonaroja.com.mx\/index.php?rest_route=\/wp\/v2\/users\/2"}],"replies":[{"embeddable":true,"href":"https:\/\/zonaroja.com.mx\/index.php?rest_route=%2Fwp%2Fv2%2Fcomments&post=87839"}],"version-history":[{"count":1,"href":"https:\/\/zonaroja.com.mx\/index.php?rest_route=\/wp\/v2\/posts\/87839\/revisions"}],"predecessor-version":[{"id":87841,"href":"https:\/\/zonaroja.com.mx\/index.php?rest_route=\/wp\/v2\/posts\/87839\/revisions\/87841"}],"wp:featuredmedia":[{"embeddable":true,"href":"https:\/\/zonaroja.com.mx\/index.php?rest_route=\/wp\/v2\/media\/87840"}],"wp:attachment":[{"href":"https:\/\/zonaroja.com.mx\/index.php?rest_route=%2Fwp%2Fv2%2Fmedia&parent=87839"}],"wp:term":[{"taxonomy":"category","embeddable":true,"href":"https:\/\/zonaroja.com.mx\/index.php?rest_route=%2Fwp%2Fv2%2Fcategories&post=87839"},{"taxonomy":"post_tag","embeddable":true,"href":"https:\/\/zonaroja.com.mx\/index.php?rest_route=%2Fwp%2Fv2%2Ftags&post=87839"}],"curies":[{"name":"wp","href":"https:\/\/api.w.org\/{rel}","templated":true}]}}