{"id":87845,"date":"2025-12-10T07:15:00","date_gmt":"2025-12-10T13:15:00","guid":{"rendered":"https:\/\/zonaroja.com.mx\/?p=87845"},"modified":"2025-12-10T07:05:34","modified_gmt":"2025-12-10T13:05:34","slug":"por-expoferias-habra-458-puestos-en-centro-de-la-ciudad-de-oaxaca","status":"publish","type":"post","link":"https:\/\/zonaroja.com.mx\/?p=87845","title":{"rendered":"Por expoferias, habr\u00e1 458 puestos en centro de la ciudad de Oaxaca\u00a0"},"content":{"rendered":"\n<p>Lisbeth Mej\u00eda Reyes\/Zona Roja.<\/p>\n\n\n\n<p>Oaxaca, Oax., a 10 de diciembre de 2025.- Tras ser aprobadas en la sesi\u00f3n de Cabildo del pasado 2 de diciembre, el Centro Hist\u00f3rico de la ciudad de Oaxaca tendr\u00e1 458 puestos en las expoferias artesanales de diciembre.&nbsp;<\/p>\n\n\n\n<p>Eso sin considerar cientos de puestos m\u00e1s, con menores vigencia, por las verbenas de la Virgen de Guadalupe y de La Soledad, que tambi\u00e9n aval\u00f3 el Cabildo.<\/p>\n\n\n\n<p>De acuerdo con el presidente municipal, Raymundo Chagoya Villanueva, las expoferias decembrinas estar\u00e1n del 12 de diciembre de 2025 al 7 de enero de 2026 en la calle de Alcal\u00e1 (286 puestos) y en el jard\u00edn Antonia Labastida (172 puestos).<\/p>\n\n\n\n<p>En tanto, y aunque no detall\u00f3 sobre las fechas para las verbenas religiosas, estas estar\u00e1n en los alrededores de los templos de la Virgen de Guadalupe y de la bas\u00edlica de La Soledad, como tradicionalmente ha sido.<\/p>\n\n\n\n<p>\u00abEn lo que tendremos especial cuidado es que no se da\u00f1e el patrimonio hist\u00f3rico, las fuentes ni la cantera\u00bb, expres\u00f3.<\/p>\n\n\n\n<p>SIN PROBLEMAS<\/p>\n\n\n\n<p>El presidente municipal descart\u00f3 problemas econ\u00f3micos para cerrar el primer a\u00f1o de su administraci\u00f3n y asegur\u00f3 que se cuenta con los recursos suficientes para cumplir con obligaciones como los aguinaldos para las y los trabajadores del ayuntamiento.<\/p>\n\n\n\n<p>\u00abVamos a cerrar el a\u00f1o correctamente. Tenemos, por supuesto, el apoyo del se\u00f1or gobernador, el apoyo del secretario de Finanzas (del estado) y con \u00e9l estoy en pl\u00e1ticas justamente por el aumento en participaciones\u00bb, respondi\u00f3 en conferencia de prensa.&nbsp;<\/p>\n\n\n\n<p>Asimismo, dijo que se esperan m\u00e1s recursos por la devoluci\u00f3n del Impuesto sobre la Renta (ISR) y por las contribuciones con las que sigue cumpliendo la ciudadan\u00eda.<\/p>\n\n\n\n<p>En 2021, \u00faltimo a\u00f1o de la administraci\u00f3n del ex edil Oswaldo Garc\u00eda Jarqu\u00edn, el ayuntamiento de Oaxaca de Ju\u00e1rez tuvo problemas por la falta de recursos para pagar los aguinaldos y otras prestaciones a empleados del ayuntamiento, incluidos los polic\u00edas. Esto deriv\u00f3 en protestas de todos los sindicatos del municipio y de un paro de brazos ca\u00eddos de polic\u00edas de vialidad.<\/p>\n","protected":false},"excerpt":{"rendered":"<p>Lisbeth Mej\u00eda Reyes\/Zona Roja. Oaxaca, Oax., a 10 de diciembre de 2025.- Tras ser aprobadas&hellip;<\/p>\n","protected":false},"author":2,"featured_media":87846,"comment_status":"closed","ping_status":"open","sticky":false,"template":"","format":"standard","meta":{"_lmt_disableupdate":"","_lmt_disable":"","_jetpack_memberships_contains_paid_content":false,"footnotes":""},"categories":[109,46],"tags":[148,4142],"class_list":["post-87845","post","type-post","status-publish","format-standard","has-post-thumbnail","hentry","category-minuto-a-minuto","category-zona-blanca","tag-oaxaca-de-juarez","tag-raymundo-chagoya"],"jetpack_featured_media_url":"https:\/\/zonaroja.com.mx\/wp-content\/uploads\/2025\/12\/Raymundo-Chagoya-conferencia.jpeg","jetpack_sharing_enabled":true,"_links":{"self":[{"href":"https:\/\/zonaroja.com.mx\/index.php?rest_route=\/wp\/v2\/posts\/87845","targetHints":{"allow":["GET"]}}],"collection":[{"href":"https:\/\/zonaroja.com.mx\/index.php?rest_route=\/wp\/v2\/posts"}],"about":[{"href":"https:\/\/zonaroja.com.mx\/index.php?rest_route=\/wp\/v2\/types\/post"}],"author":[{"embeddable":true,"href":"https:\/\/zonaroja.com.mx\/index.php?rest_route=\/wp\/v2\/users\/2"}],"replies":[{"embeddable":true,"href":"https:\/\/zonaroja.com.mx\/index.php?rest_route=%2Fwp%2Fv2%2Fcomments&post=87845"}],"version-history":[{"count":1,"href":"https:\/\/zonaroja.com.mx\/index.php?rest_route=\/wp\/v2\/posts\/87845\/revisions"}],"predecessor-version":[{"id":87847,"href":"https:\/\/zonaroja.com.mx\/index.php?rest_route=\/wp\/v2\/posts\/87845\/revisions\/87847"}],"wp:featuredmedia":[{"embeddable":true,"href":"https:\/\/zonaroja.com.mx\/index.php?rest_route=\/wp\/v2\/media\/87846"}],"wp:attachment":[{"href":"https:\/\/zonaroja.com.mx\/index.php?rest_route=%2Fwp%2Fv2%2Fmedia&parent=87845"}],"wp:term":[{"taxonomy":"category","embeddable":true,"href":"https:\/\/zonaroja.com.mx\/index.php?rest_route=%2Fwp%2Fv2%2Fcategories&post=87845"},{"taxonomy":"post_tag","embeddable":true,"href":"https:\/\/zonaroja.com.mx\/index.php?rest_route=%2Fwp%2Fv2%2Ftags&post=87845"}],"curies":[{"name":"wp","href":"https:\/\/api.w.org\/{rel}","templated":true}]}}