{"id":87848,"date":"2025-12-10T08:15:00","date_gmt":"2025-12-10T14:15:00","guid":{"rendered":"https:\/\/zonaroja.com.mx\/?p=87848"},"modified":"2025-12-10T07:31:52","modified_gmt":"2025-12-10T13:31:52","slug":"matan-a-dos-en-ejutla-cobran-venganza-en-amoltepec-y-asesinan-a-criminal","status":"publish","type":"post","link":"https:\/\/zonaroja.com.mx\/?p=87848","title":{"rendered":"Matan a dos en Ejutla; cobran venganza en Amoltepec y asesinan a criminal"},"content":{"rendered":"\n<p>Ismael Garc\u00eda M.\/Zona Roja.<\/p>\n\n\n\n<p>Oaxaca, Oax., a 10 de diciembre de 2025.- Dos personas del sexo masculino fueron asesinadas anoche en Ejutla de Crespo, municipio de la regi\u00f3n Valles Centrales de Oaxaca.<\/p>\n\n\n\n<p>El ataque armado ocurri\u00f3 poco despu\u00e9s de las 20:00 horas en la calle Emiliano Zapara del barrio Del Pozo, seg\u00fan los primeros reportes policiacos.<\/p>\n\n\n\n<p>Los vecinos de la zona en la cabecera municipal reportaron a las corporaciones policiacas las m\u00faltiples detonaciones de arma de fuego; tras ello se confirm\u00f3 el hallazgo de dos cuerpos sin vida, con m\u00faltiples impactos de bala.<\/p>\n\n\n\n<p>Las v\u00edctimas fueron identificadas como los hermanos Fortino y Juan Pedro V. A., de 40 y 54 a\u00f1os de edad, respectivamente; hasta el momento se desconoce tanto el m\u00f3vil como la identidad de los agresores; no hay personas detenidas por este caso.<\/p>\n\n\n\n<p>EN AMOLTEPEC<\/p>\n\n\n\n<p>Por otra parte, pobladores de la comunidad de Barranca Rica ser\u00edan los autores del asesinato del regidor suplente de Hacienda de Santiago Amoltepec, Carlos H., perpetrado ayer.<\/p>\n\n\n\n<p>Lo habr\u00edan sacado de la c\u00e1rcel local, donde estaba recluido luego de ser detenido por matar a balazos la tarde del lunes a Artemio G. L., durante las fiestas de jaripeo con motivo de las fiestas a la virgen de Juquila.<\/p>\n\n\n\n<p>El cuerpo de Carlos H. fue localizado ayer en un despoblado y habr\u00eda sido ajusticiado por los propios pobladores, pues aseguran que anteriormente ya hab\u00eda asesinado a otra persona y no hab\u00eda justicia contra \u00e9l.<\/p>\n\n\n\n<p>EN LOXICHA<\/p>\n\n\n\n<p>Por otra parte, ayer por la ma\u00f1ana en la comunidad de Magdalena Loxicha, regi\u00f3n Costa del estado, una persona fue ultimada a balazos.<\/p>\n\n\n\n<p>A\u00fan se desconocen las causas del homicidio y la v\u00edctima fue identificada como Laureano H. A., de 47 a\u00f1os de edad.<\/p>\n","protected":false},"excerpt":{"rendered":"<p>Ismael Garc\u00eda M.\/Zona Roja. Oaxaca, Oax., a 10 de diciembre de 2025.- Dos personas del&hellip;<\/p>\n","protected":false},"author":2,"featured_media":87849,"comment_status":"closed","ping_status":"open","sticky":false,"template":"","format":"standard","meta":{"_lmt_disableupdate":"","_lmt_disable":"","_jetpack_memberships_contains_paid_content":false,"footnotes":""},"categories":[109,46],"tags":[702],"class_list":["post-87848","post","type-post","status-publish","format-standard","has-post-thumbnail","hentry","category-minuto-a-minuto","category-zona-blanca","tag-ejutla-de-crespo"],"jetpack_featured_media_url":"https:\/\/zonaroja.com.mx\/wp-content\/uploads\/2025\/12\/Dos-asesinados-Ejutla-de-CRespo.jpg","jetpack_sharing_enabled":true,"_links":{"self":[{"href":"https:\/\/zonaroja.com.mx\/index.php?rest_route=\/wp\/v2\/posts\/87848","targetHints":{"allow":["GET"]}}],"collection":[{"href":"https:\/\/zonaroja.com.mx\/index.php?rest_route=\/wp\/v2\/posts"}],"about":[{"href":"https:\/\/zonaroja.com.mx\/index.php?rest_route=\/wp\/v2\/types\/post"}],"author":[{"embeddable":true,"href":"https:\/\/zonaroja.com.mx\/index.php?rest_route=\/wp\/v2\/users\/2"}],"replies":[{"embeddable":true,"href":"https:\/\/zonaroja.com.mx\/index.php?rest_route=%2Fwp%2Fv2%2Fcomments&post=87848"}],"version-history":[{"count":1,"href":"https:\/\/zonaroja.com.mx\/index.php?rest_route=\/wp\/v2\/posts\/87848\/revisions"}],"predecessor-version":[{"id":87850,"href":"https:\/\/zonaroja.com.mx\/index.php?rest_route=\/wp\/v2\/posts\/87848\/revisions\/87850"}],"wp:featuredmedia":[{"embeddable":true,"href":"https:\/\/zonaroja.com.mx\/index.php?rest_route=\/wp\/v2\/media\/87849"}],"wp:attachment":[{"href":"https:\/\/zonaroja.com.mx\/index.php?rest_route=%2Fwp%2Fv2%2Fmedia&parent=87848"}],"wp:term":[{"taxonomy":"category","embeddable":true,"href":"https:\/\/zonaroja.com.mx\/index.php?rest_route=%2Fwp%2Fv2%2Fcategories&post=87848"},{"taxonomy":"post_tag","embeddable":true,"href":"https:\/\/zonaroja.com.mx\/index.php?rest_route=%2Fwp%2Fv2%2Ftags&post=87848"}],"curies":[{"name":"wp","href":"https:\/\/api.w.org\/{rel}","templated":true}]}}