{"id":87855,"date":"2025-12-10T10:15:00","date_gmt":"2025-12-10T16:15:00","guid":{"rendered":"https:\/\/zonaroja.com.mx\/?p=87855"},"modified":"2025-12-10T07:53:57","modified_gmt":"2025-12-10T13:53:57","slug":"continua-jara-cruz-gira-de-rendicion-de-cuentas-por-la-region-costa","status":"publish","type":"post","link":"https:\/\/zonaroja.com.mx\/?p=87855","title":{"rendered":"Contin\u00faa Jara Cruz gira de rendici\u00f3n de cuentas por la regi\u00f3n Costa"},"content":{"rendered":"\n<p>Redacci\u00f3n\/Zona Roja.<\/p>\n\n\n\n<p>Oaxaca, Oax., a 10 de diciembre de 2025.- En la Costa, el Humanismo Mexicano es una realidad y avanza para mejorar la calidad de vida de miles de familias de esta zona del estado, en tres a\u00f1os, el gobernador Salom\u00f3n Jara Cruz ha realizado 154 obras de infraestructura social con un presupuesto de 554 millones de pesos.<\/p>\n\n\n\n<p>Desde San Pedro Pochutla, el mandatario estatal junto a la presidenta honoraria del Sistema DIF Oaxaca, Irma Bola\u00f1os Quijano, dio a conocer que en 30 municipios de esta regi\u00f3n se ha realizado obras de electrificaci\u00f3n, equipamiento urbano, infraestructura vial, techados, aulas, vivienda, agua y saneamiento, entre otros.<\/p>\n\n\n\n<p>Aunado a ello se fortaleci\u00f3 la conectividad con nuevas rutas a\u00e9reas internacionales, se avanz\u00f3 en la ampliaci\u00f3n del aeropuerto de Puerto Escondido. \u201cHoy Oaxaca ha roto los r\u00e9cords hist\u00f3ricos de visitantes y nos consolidamos como uno de los destinos tur\u00edsticos m\u00e1s atractivos y seguros\u201d, destac\u00f3 ante habitantes y autoridades municipales y estatales que se dieron cita en Pochutla.<\/p>\n\n\n\n<p>\u201cMe he comprometido y vamos a trabajar incansablemente para que los destinos tur\u00edsticos sean m\u00e1s grandes y mejores del mundo\u201d, agreg\u00f3, en esta Gira Estatal de Rendici\u00f3n de Cuentas.<\/p>\n\n\n\n<figure class=\"wp-block-embed is-type-rich is-provider-twitter wp-block-embed-twitter\"><div class=\"wp-block-embed__wrapper\">\n<div class=\"twitter-tweet\"><blockquote class=\"twitter-tweet\" data-lang=\"es\"><p lang=\"zxx\" dir=\"ltr\"><a href=\"https:\/\/t.co\/3ewIEa665e\">pic.twitter.com\/3ewIEa665e<\/a><\/p>&mdash; Salom\u00f3n Jara Cruz (@salomonj) <a href=\"https:\/\/twitter.com\/salomonj\/status\/1998547931977363685?ref_src=twsrc%5Etfw\">10 de diciembre de 2025<\/a><\/blockquote><\/div>\n<\/div><\/figure>\n\n\n\n<p>EN PINOTEPA<\/p>\n\n\n\n<p>La premisa de que la Primavera Oaxaque\u00f1a gobierna con el pueblo y para el pueblo es una realidad latente en la regi\u00f3n de la Costa, donde se han invertido mil mil 800 millones de pesos en 750 obras de infraestructura social, expuso el gobernador Salom\u00f3n Jara Cruz.<\/p>\n\n\n\n<p>Destaca la inversi\u00f3n de 606 millones de pesos en 102 obras de caminos y carreteras con una longitud de 535.8 kil\u00f3metros, que contribuyen a una mejor conectividad, la comercializaci\u00f3n de productos e ingreso de servicios.<\/p>\n\n\n\n<p>En el marco de su Gira Estatal de Rendici\u00f3n de Cuentas en Santiago Pinotepa Nacional, el mandatario estatal expres\u00f3 que hoy, la infraestructura avanza donde m\u00e1s se necesita, abriendo oportunidades para la ni\u00f1ez y juventud coste\u00f1a.&nbsp;<\/p>\n\n\n\n<p>\u201cVamos a seguir trabajando por la grandeza de Oaxaca\u201d, afirm\u00f3 junto a la Presidenta Honoraria del Sistema DIF Oaxaca, Irma Bola\u00f1os Quijano, desde la tierra de los sones, chilenas y danzas tradicionales que reflejan la herencia ind\u00edgena y afromexicana.<\/p>\n\n\n\n<p>Aqu\u00ed, ante la poblaci\u00f3n reunida, destac\u00f3 la construcci\u00f3n del puente de Santa Catarina Mechoac\u00e1n, y de los caminos de Pinotepa de Don Luis a San Pedro Jicay\u00e1n; en Santa Mar\u00eda Jicaltepec; Las Cruces- Pinotepa Nacional en Rancho Nuevo de Santiago Llano Grande; de Vista Hermosa y Totomoxtle en San Sebasti\u00e1n Ixcapa.<\/p>\n\n\n\n<p>As\u00ed como en Ca\u00f1ada del Marqu\u00e9s; San Pedro Tulixtlahuaca en Tepetlapa; Yucutaco en Chayuco; Santa Mar\u00eda Yosocani en San Lorenzo; Tihuixtle en Tetepec; Huaxpaltepec a Tetepelcingo y en San Pedro Ap\u00f3stol en Amuzgos<\/p>\n","protected":false},"excerpt":{"rendered":"<p>Redacci\u00f3n\/Zona Roja. Oaxaca, Oax., a 10 de diciembre de 2025.- En la Costa, el Humanismo&hellip;<\/p>\n","protected":false},"author":2,"featured_media":87856,"comment_status":"closed","ping_status":"open","sticky":false,"template":"","format":"standard","meta":{"_lmt_disableupdate":"","_lmt_disable":"","_jetpack_memberships_contains_paid_content":false,"footnotes":""},"categories":[109,46],"tags":[939],"class_list":["post-87855","post","type-post","status-publish","format-standard","has-post-thumbnail","hentry","category-minuto-a-minuto","category-zona-blanca","tag-salomon-jara-cruz"],"jetpack_featured_media_url":"https:\/\/zonaroja.com.mx\/wp-content\/uploads\/2025\/12\/Salomon-Jara-gira-Pochutla.jpeg","jetpack_sharing_enabled":true,"_links":{"self":[{"href":"https:\/\/zonaroja.com.mx\/index.php?rest_route=\/wp\/v2\/posts\/87855","targetHints":{"allow":["GET"]}}],"collection":[{"href":"https:\/\/zonaroja.com.mx\/index.php?rest_route=\/wp\/v2\/posts"}],"about":[{"href":"https:\/\/zonaroja.com.mx\/index.php?rest_route=\/wp\/v2\/types\/post"}],"author":[{"embeddable":true,"href":"https:\/\/zonaroja.com.mx\/index.php?rest_route=\/wp\/v2\/users\/2"}],"replies":[{"embeddable":true,"href":"https:\/\/zonaroja.com.mx\/index.php?rest_route=%2Fwp%2Fv2%2Fcomments&post=87855"}],"version-history":[{"count":1,"href":"https:\/\/zonaroja.com.mx\/index.php?rest_route=\/wp\/v2\/posts\/87855\/revisions"}],"predecessor-version":[{"id":87857,"href":"https:\/\/zonaroja.com.mx\/index.php?rest_route=\/wp\/v2\/posts\/87855\/revisions\/87857"}],"wp:featuredmedia":[{"embeddable":true,"href":"https:\/\/zonaroja.com.mx\/index.php?rest_route=\/wp\/v2\/media\/87856"}],"wp:attachment":[{"href":"https:\/\/zonaroja.com.mx\/index.php?rest_route=%2Fwp%2Fv2%2Fmedia&parent=87855"}],"wp:term":[{"taxonomy":"category","embeddable":true,"href":"https:\/\/zonaroja.com.mx\/index.php?rest_route=%2Fwp%2Fv2%2Fcategories&post=87855"},{"taxonomy":"post_tag","embeddable":true,"href":"https:\/\/zonaroja.com.mx\/index.php?rest_route=%2Fwp%2Fv2%2Ftags&post=87855"}],"curies":[{"name":"wp","href":"https:\/\/api.w.org\/{rel}","templated":true}]}}