{"id":87858,"date":"2025-12-10T11:15:00","date_gmt":"2025-12-10T17:15:00","guid":{"rendered":"https:\/\/zonaroja.com.mx\/?p=87858"},"modified":"2025-12-10T08:03:30","modified_gmt":"2025-12-10T14:03:30","slug":"detienen-a-profesor-acusado-de-pederastia-en-tehuantepec","status":"publish","type":"post","link":"https:\/\/zonaroja.com.mx\/?p=87858","title":{"rendered":"Detienen a profesor acusado de pederastia en Tehuantepec\u00a0"},"content":{"rendered":"\n<p>Redacci\u00f3n\/Zona Roja.<\/p>\n\n\n\n<p>Oaxaca, Oax., a 10 de diciembre de 2025.- La Fiscal\u00eda General del Estado de Oaxaca (FGEO) ejecut\u00f3 una orden de aprehensi\u00f3n en contra de una persona del sexo masculino identificada como J.M.J.S., profesor de una escuela secundaria ubicada en la regi\u00f3n del Istmo, por el delito de pederastia cometida en agravio de dos adolescentes.<\/p>\n\n\n\n<p>De acuerdo con la causa penal, los hechos sucedieron el mes de abril de 2025, cuando las v\u00edctimas (dos alumnas del plantel, cuya identidad est\u00e1 reservada por ley) se encontraban en instalaciones de una escuela secundaria ubicada en el barrio de Santa Cruz Tagolaba perteneciente al municipio de Santo Domingo de Tehuantepec, cuando sufrieron una agresi\u00f3n, conducta que, de acuerdo con el C\u00f3digo Penal Vigente en el Estado de Oaxaca, se configura como delito de pederastia.<\/p>\n\n\n\n<p>Derivado de la denuncia presentada, la Fiscal\u00eda General del Estado de Oaxaca a trav\u00e9s de la Vicefiscal\u00eda Regional del Istmo, inici\u00f3 las investigaciones con perspectiva de infancia, logrando obtener una orden de aprehensi\u00f3n en contra de J.M.J.S.<\/p>\n\n\n\n<p>Una vez localizado, J.M.J.S. fue detenido por elementos de la Agencia Estatal de Investigaciones (AEI) cuando se encontraba sobre la carretera al Ex ingenio de El Espinal en las inmediaciones del Cuartel de la Polic\u00eda Estatal de la citada regi\u00f3n.<\/p>\n\n\n\n<p>Tras su captura, fue presentado ante el Juez que lo requiri\u00f3 para determinar su situaci\u00f3n jur\u00eddica.<\/p>\n\n\n\n<p>La Fiscal\u00eda del Estado de Oaxaca refrenda su compromiso de brindar una atenci\u00f3n integral a las v\u00edctimas, especialmente cuando se trata de delitos cometidos en contra de ni\u00f1as, ni\u00f1os y adolescentes a efecto de garantizar el derecho a tener una vida libre de violencia.<\/p>\n","protected":false},"excerpt":{"rendered":"<p>Redacci\u00f3n\/Zona Roja. Oaxaca, Oax., a 10 de diciembre de 2025.- La Fiscal\u00eda General del Estado&hellip;<\/p>\n","protected":false},"author":2,"featured_media":87859,"comment_status":"closed","ping_status":"open","sticky":false,"template":"","format":"standard","meta":{"_lmt_disableupdate":"","_lmt_disable":"","_jetpack_memberships_contains_paid_content":false,"footnotes":""},"categories":[109,46],"tags":[494],"class_list":["post-87858","post","type-post","status-publish","format-standard","has-post-thumbnail","hentry","category-minuto-a-minuto","category-zona-blanca","tag-fiscalia-general-del-estado-de-oaxaca"],"jetpack_featured_media_url":"https:\/\/zonaroja.com.mx\/wp-content\/uploads\/2025\/12\/Profesor-pederasta-Tagolaba-Tehuantepec.jpg","jetpack_sharing_enabled":true,"_links":{"self":[{"href":"https:\/\/zonaroja.com.mx\/index.php?rest_route=\/wp\/v2\/posts\/87858","targetHints":{"allow":["GET"]}}],"collection":[{"href":"https:\/\/zonaroja.com.mx\/index.php?rest_route=\/wp\/v2\/posts"}],"about":[{"href":"https:\/\/zonaroja.com.mx\/index.php?rest_route=\/wp\/v2\/types\/post"}],"author":[{"embeddable":true,"href":"https:\/\/zonaroja.com.mx\/index.php?rest_route=\/wp\/v2\/users\/2"}],"replies":[{"embeddable":true,"href":"https:\/\/zonaroja.com.mx\/index.php?rest_route=%2Fwp%2Fv2%2Fcomments&post=87858"}],"version-history":[{"count":1,"href":"https:\/\/zonaroja.com.mx\/index.php?rest_route=\/wp\/v2\/posts\/87858\/revisions"}],"predecessor-version":[{"id":87860,"href":"https:\/\/zonaroja.com.mx\/index.php?rest_route=\/wp\/v2\/posts\/87858\/revisions\/87860"}],"wp:featuredmedia":[{"embeddable":true,"href":"https:\/\/zonaroja.com.mx\/index.php?rest_route=\/wp\/v2\/media\/87859"}],"wp:attachment":[{"href":"https:\/\/zonaroja.com.mx\/index.php?rest_route=%2Fwp%2Fv2%2Fmedia&parent=87858"}],"wp:term":[{"taxonomy":"category","embeddable":true,"href":"https:\/\/zonaroja.com.mx\/index.php?rest_route=%2Fwp%2Fv2%2Fcategories&post=87858"},{"taxonomy":"post_tag","embeddable":true,"href":"https:\/\/zonaroja.com.mx\/index.php?rest_route=%2Fwp%2Fv2%2Ftags&post=87858"}],"curies":[{"name":"wp","href":"https:\/\/api.w.org\/{rel}","templated":true}]}}