{"id":87867,"date":"2025-12-10T13:17:00","date_gmt":"2025-12-10T19:17:00","guid":{"rendered":"https:\/\/zonaroja.com.mx\/?p=87867"},"modified":"2025-12-10T08:19:11","modified_gmt":"2025-12-10T14:19:11","slug":"presentan-hilando-historias-tejiendo-esperanza-para-visibilizar-labor-de-activistas","status":"publish","type":"post","link":"https:\/\/zonaroja.com.mx\/?p=87867","title":{"rendered":"Presentan \u201cHilando historias, tejiendo esperanza\u201d, para visibilizar labor de activistas"},"content":{"rendered":"\n<p>Redacci\u00f3n\/Zona Roja.<\/p>\n\n\n\n<p>Oaxaca, Oax., a 10 de diciembre de 2025.- El caminar de las defensoras y periodistas desde sus diversas identidades, saberes y experiencias, la descripci\u00f3n de c\u00f3mo han construido sus vidas y sus luchas, los desaf\u00edos que han enfrentado, as\u00ed como sus sue\u00f1os y esperanzas est\u00e1n presentes en las historias que nos presenta este libro, obra de amor y compromiso por visibilizar la labor crucial que hacen las defensoras de derechos humanos y periodistas en M\u00e9xico.<\/p>\n\n\n\n<p>Este 8 de diciembre de 2025, en el marco del D\u00eda Internacional de las Personas Defensoras de Derechos Humanos, se present\u00f3 en la ciudad de Oaxaca el libro \u201cHilando historias, tejiendo esperanza. Mujeres Defensoras de Derechos Humanos y Periodistas en M\u00e9xico\u201d que re\u00fane 29 relatos de mujeres de cinco estados del pa\u00eds: Chihuahua, Guanajuato, Jalisco, Oaxaca y San Luis Potos\u00ed, que inspiran, construyen esperanza y protecci\u00f3n colectiva.<\/p>\n\n\n\n<p>\u201cAl preguntarles d\u00f3nde ubican la esperanza, las respuestas son m\u00faltiples y diversas como ellas mismas: \u201cen la memoria\u201d; \u201cen los peque\u00f1os brotes como semillas que florecen, que son las mujeres que se levantan\u201d; \u201cen las j\u00f3venes que toman las calles y marchan, porque tienen claro que hay que exigir sus derechos\u201d; \u2018en los ojos de nuestras compa\u00f1eras que no dejan que te caigas, que saben que t\u00fa puedes hacer algo por ellas\u201d.<\/p>\n\n\n\n<p>En \u201cel periodismo que pone palabras a la realidad para pensar que puede ser un camino para construir un mejor espacio, un mejor lugar para nosotras\u201d; en \u201clas caravanas de b\u00fasqueda en vida\u201d; en \u201clas ni\u00f1as que ya conocen sus derechos\u201d; en la posibilidad de \u201calumbrar nuevas condiciones de vida para nuevas generaciones de mujeres\u2019; \u201cen la justicia para los pueblos y comunidades\u201d; en la posibilidad de que \u201caprendamos a cuidarnos como sociedad, porque necesitamos vivir y no solo sobrevivir\u201d escribe en el pr\u00f3logo del libro Lydia Alpizar codirectora de la Iniciativa Mesoamericana de Defensoras (IM Defensoras).<\/p>\n\n\n\n<p>Durante la presentaci\u00f3n Emili de Wolf de Im Defensoras, se\u00f1al\u00f3 que la presentaci\u00f3n de este libro se da en un&nbsp; momento particularmente importante, en el que la violencia contra las defensoras no cesa de intensificarse y en el que el pacto de cuidarnos entre las defensoras es m\u00e1s vigente que nunca, \u201ces un libro necesario que reconoce, que es inspiraci\u00f3n para todas las defensoras y las generaciones futuras\u201d.<\/p>\n\n\n\n<p>El libro tambi\u00e9n es un homenaje y exigencia de justicia a la vida de 21 \u201ctejedoras de esperanzas\u201d cuyo camino ha sido interrumpido, 11 de ellas han fueron asesinadas y sus casos contin\u00faan en total impunidad, al igual que 2 defensoras cuyo caminos fueron truncados luego de su desapariciones forzadas, mientras que 8 de ellas trascendieron a consecuencia de los contextos violentos y de sus impactos en el cuerpo y el coraz\u00f3n.<\/p>\n\n\n\n<p>(Informaci\u00f3n de Educa Oaxaca)<\/p>\n","protected":false},"excerpt":{"rendered":"<p>Redacci\u00f3n\/Zona Roja. Oaxaca, Oax., a 10 de diciembre de 2025.- El caminar de las defensoras&hellip;<\/p>\n","protected":false},"author":2,"featured_media":87868,"comment_status":"closed","ping_status":"open","sticky":false,"template":"","format":"standard","meta":{"_lmt_disableupdate":"","_lmt_disable":"","_jetpack_memberships_contains_paid_content":false,"footnotes":""},"categories":[109,46],"tags":[],"class_list":["post-87867","post","type-post","status-publish","format-standard","has-post-thumbnail","hentry","category-minuto-a-minuto","category-zona-blanca"],"jetpack_featured_media_url":"https:\/\/zonaroja.com.mx\/wp-content\/uploads\/2025\/12\/Libro-tejiendo-historias-Oaxaca.jpeg","jetpack_sharing_enabled":true,"_links":{"self":[{"href":"https:\/\/zonaroja.com.mx\/index.php?rest_route=\/wp\/v2\/posts\/87867","targetHints":{"allow":["GET"]}}],"collection":[{"href":"https:\/\/zonaroja.com.mx\/index.php?rest_route=\/wp\/v2\/posts"}],"about":[{"href":"https:\/\/zonaroja.com.mx\/index.php?rest_route=\/wp\/v2\/types\/post"}],"author":[{"embeddable":true,"href":"https:\/\/zonaroja.com.mx\/index.php?rest_route=\/wp\/v2\/users\/2"}],"replies":[{"embeddable":true,"href":"https:\/\/zonaroja.com.mx\/index.php?rest_route=%2Fwp%2Fv2%2Fcomments&post=87867"}],"version-history":[{"count":1,"href":"https:\/\/zonaroja.com.mx\/index.php?rest_route=\/wp\/v2\/posts\/87867\/revisions"}],"predecessor-version":[{"id":87869,"href":"https:\/\/zonaroja.com.mx\/index.php?rest_route=\/wp\/v2\/posts\/87867\/revisions\/87869"}],"wp:featuredmedia":[{"embeddable":true,"href":"https:\/\/zonaroja.com.mx\/index.php?rest_route=\/wp\/v2\/media\/87868"}],"wp:attachment":[{"href":"https:\/\/zonaroja.com.mx\/index.php?rest_route=%2Fwp%2Fv2%2Fmedia&parent=87867"}],"wp:term":[{"taxonomy":"category","embeddable":true,"href":"https:\/\/zonaroja.com.mx\/index.php?rest_route=%2Fwp%2Fv2%2Fcategories&post=87867"},{"taxonomy":"post_tag","embeddable":true,"href":"https:\/\/zonaroja.com.mx\/index.php?rest_route=%2Fwp%2Fv2%2Ftags&post=87867"}],"curies":[{"name":"wp","href":"https:\/\/api.w.org\/{rel}","templated":true}]}}