{"id":87870,"date":"2025-12-10T14:19:00","date_gmt":"2025-12-10T20:19:00","guid":{"rendered":"https:\/\/zonaroja.com.mx\/?p=87870"},"modified":"2025-12-10T08:21:12","modified_gmt":"2025-12-10T14:21:12","slug":"opinion-su-alteza-serenisima","status":"publish","type":"post","link":"https:\/\/zonaroja.com.mx\/?p=87870","title":{"rendered":"Opini\u00f3n. Su alteza seren\u00edsima"},"content":{"rendered":"\n<p>N\u00e9stor Y. S\u00e1nchez Islas.<\/p>\n\n\n\n<p>La reaparici\u00f3n de L\u00f3pez Obrador en la vida p\u00fablica con el pretexto de la presentaci\u00f3n de su libro, pero m\u00e1s bien con la intenci\u00f3n de recordarnos quien manda, me trajo de inmediato a otro L\u00f3pez al que el poder trastorn\u00f3: Antonio L\u00f3pez de Santa Anna, \u201csu alteza seren\u00edsima\u201d, t\u00edtulo nobiliario que \u00e9l se invent\u00f3 para emular a la realeza. <\/p>\n\n\n\n<p>Viene a cuento porque aquel L\u00f3pez, cada una de las once veces que\u00a0dej\u00f3 la presidencia, se refugi\u00f3 en su rancho a la espera de que el pueblo fuera a rogarle que volviera para salvar al pa\u00eds, m\u00e1s o menos igual que hoy.<\/p>\n\n\n\n<p>Para&nbsp;m\u00ed&nbsp;es inevitable no relacionar las excentricidades de aquel&nbsp;criollo&nbsp;con \u00e1nimo de dictador con el oriundo de Macuspana, Tabasco,&nbsp;nieto de espa\u00f1oles. En la vieja escuela mexicana, en donde a pesar de estar bajo adoctrinamiento revolucionario se estudiaba mejor que en la actual, nos ense\u00f1aron&nbsp;de Santa Anna&nbsp;la locura del culto a la pierna que perdi\u00f3 en la Batalla de Veracruz en 1838 y a la que le hizo un funeral de Estado con una solemne ceremonia militar en la CDMX. Una vez homenajeada, su pierna fue depositada en un mausoleo que la turba destruy\u00f3 en cuanto cay\u00f3 en desgracia.<\/p>\n\n\n\n<p>C\u00f3mo olvidar a mi maestra Julia explic\u00e1ndonos&nbsp;el famoso \u201cimpuesto a las ventanas y puertas\u201d con las que grav\u00f3 todas las construcciones y que provoc\u00f3 que la gente tapiara las mismas. Conducta similar a las autoridades municipales que hoy andan por el mismo camino en materia impositiva. Poco se sabe, pero tambi\u00e9n cre\u00f3 un impuesto a la tenencia de perros y al uso de la silla de montar&nbsp;para&nbsp;los caballos.<\/p>\n\n\n\n<p>Pero, adem\u00e1s de firmar la rendici\u00f3n de M\u00e9xico ante Texas para finalmente perder ese territorio, tambi\u00e9n se le ocurri\u00f3 al traidor vender el territorio de La Mesilla para obtener fondos que mantuvieran su lujoso estilo de vida y a un ej\u00e9rcito que lo respaldara. Suena muy actual poque lo mismo hace el gobierno hoy. <\/p>\n\n\n\n<p>Sus excentricidades lo llevaron a restaurar la Orden de Guadalupe, una orden de caballer\u00eda de origen mon\u00e1rquico con la que premi\u00f3 a sus leales y, el mismo se otorg\u00f3 el\u00a0t\u00edtulo\u00a0de \u201cCapit\u00e1n General\u201d y\u00a0exigi\u00f3\u00a0ser tratado oficialmente como \u201cAlteza Seren\u00edsima\u201d. Todas estas locuras, afortunadamente, terminaron cuando el Plan de Ayala de 1854 triunf\u00f3. Juan \u00c1lvarez tom\u00f3 la presidencia de forma interina\u00a0y dio paso a Ignacio Comonfort, qui\u00e9n nombre a Benito Ju\u00e1rez presidente de la SCJN.<\/p>\n\n\n\n<p>No podemos negar&nbsp;que AMLO sigue teniendo influencia sobre millones de mexicanos&nbsp;que lo ven con \u00e1nimo mesi\u00e1nico,&nbsp;lo que le&nbsp;da&nbsp;un gran poder&nbsp;e influencia pol\u00edtica&nbsp;a lo que haga o deje de hacer. Por ello mismo, es preocupante la interpretaci\u00f3n que mucha gente le da a su&nbsp;reaparici\u00f3n porque parece estar record\u00e1ndole a sus fan\u00e1ticos, que son millones, que est\u00e1, como Santa Anna, a la espera de ser llamado para salvar a la patria.<\/p>\n\n\n\n<p>El pretexto de su reaparici\u00f3n fue la presentaci\u00f3n de su libro \u201cGrandeza\u201d\u00a0que sigue prest\u00e1ndose a la interpretaci\u00f3n de la intencionalidad\u00a0que tiene para asumirse como el referente moral, \u00e9l, un nieto directo de espa\u00f1oles, de la defensa de lo ind\u00edgena. <\/p>\n\n\n\n<p>En\u00a0su mensaje\u00a0enfatiza\u00a0la perfecci\u00f3n\u00a0de las sociedades prehisp\u00e1nicas\u00a0como\u00a0un\u00a0mundo\u00a0id\u00edlico\u00a0al que debemos\u00a0volver otra vez,\u00a0en donde todo lo bueno son aquellas culturas y todo lo malo lo que lleg\u00f3 de Espa\u00f1a, como sus abuelos. Niega\u00a0y deforma\u00a0la historia\u00a0para amoldarla a la ideolog\u00eda populista que profesa, pero que \u00e9l llama humanismo mexicano.<\/p>\n\n\n\n<p>Se maneja ladinamente en la selectividad hist\u00f3rica para seguir polarizando al pa\u00eds. Ni siquiera se identific\u00f3 con la cultura mexica, la que exist\u00eda cuando lleg\u00f3 Hern\u00e1n Cortes sino con la civilizaci\u00f3n Olmeca que desapareci\u00f3 1500 a\u00f1os antes.\u00a0Esto le permite apelar a una pureza original de la naci\u00f3n, una base moral e identitaria que, seg\u00fan su narrativa, fue corrompida por el colonialismo.<\/p>\n\n\n\n<p>Me pregunto por qu\u00e9 los oaxaque\u00f1os que siempre hacen esc\u00e1ndalo por la apropiaci\u00f3n cultural\u00a0no lo han hecho ahora que AMLO se apropia de la cultura madre de\u00a0Mesoam\u00e9rica para desligarse de su propio origen y legitimarse como el aut\u00e9ntico heredero de todos nosotros.<\/p>\n\n\n\n<p>Su visi\u00f3n maniquea privilegia&nbsp;la ra\u00edz ind\u00edgena y demoniza la espa\u00f1ola para negar la realidad de la mayor\u00eda de los mexicanos que somos mestizos.&nbsp;Su postura, dado su origen espa\u00f1ol, es una paradoja pol\u00edtica&nbsp;para no decirlo con malas palabras.<\/p>\n\n\n\n<p>Esta publicaci\u00f3n le permite reclamar la autoridad moral sobre el \u201cM\u00e9xico profundo\u201d.\u00a0Nada dej\u00f3 al azar: ni su pose proyectando poder,\u00a0ni el s\u00edmbolo de la cabeza Olmeca, ni la direcci\u00f3n de su mirada. <\/p>\n\n\n\n<p>Todo ello nos hace creer que es una persona serena,\u00a0pensativa y reflexiva, cosa totalmente ajena a su car\u00e1cter explosivo y ocurrente, como lo demuestran sus caprichos estilo Santa Anna que le han costado al pa\u00eds\u00a0miles de millones de pesos.<\/p>\n\n\n\n<p>Su mensaje es muy claro:&nbsp;\u00e9l es el heredero&nbsp;y continuador&nbsp;leg\u00edtimo&nbsp;de la grandeza&nbsp;mexicana.<\/p>\n\n\n\n<p>nestoryuri@yahoo.com<\/p>\n","protected":false},"excerpt":{"rendered":"<p>N\u00e9stor Y. S\u00e1nchez Islas. La reaparici\u00f3n de L\u00f3pez Obrador en la vida p\u00fablica con el&hellip;<\/p>\n","protected":false},"author":2,"featured_media":67897,"comment_status":"closed","ping_status":"open","sticky":false,"template":"","format":"standard","meta":{"_lmt_disableupdate":"","_lmt_disable":"","_jetpack_memberships_contains_paid_content":false,"footnotes":""},"categories":[456,109],"tags":[3050],"class_list":["post-87870","post","type-post","status-publish","format-standard","has-post-thumbnail","hentry","category-columna","category-minuto-a-minuto","tag-nestor-yuri-sanchez"],"jetpack_featured_media_url":"https:\/\/zonaroja.com.mx\/wp-content\/uploads\/2024\/05\/Opinion-Nestor-Yuri-Sanchez.jpeg","jetpack_sharing_enabled":true,"_links":{"self":[{"href":"https:\/\/zonaroja.com.mx\/index.php?rest_route=\/wp\/v2\/posts\/87870","targetHints":{"allow":["GET"]}}],"collection":[{"href":"https:\/\/zonaroja.com.mx\/index.php?rest_route=\/wp\/v2\/posts"}],"about":[{"href":"https:\/\/zonaroja.com.mx\/index.php?rest_route=\/wp\/v2\/types\/post"}],"author":[{"embeddable":true,"href":"https:\/\/zonaroja.com.mx\/index.php?rest_route=\/wp\/v2\/users\/2"}],"replies":[{"embeddable":true,"href":"https:\/\/zonaroja.com.mx\/index.php?rest_route=%2Fwp%2Fv2%2Fcomments&post=87870"}],"version-history":[{"count":1,"href":"https:\/\/zonaroja.com.mx\/index.php?rest_route=\/wp\/v2\/posts\/87870\/revisions"}],"predecessor-version":[{"id":87871,"href":"https:\/\/zonaroja.com.mx\/index.php?rest_route=\/wp\/v2\/posts\/87870\/revisions\/87871"}],"wp:featuredmedia":[{"embeddable":true,"href":"https:\/\/zonaroja.com.mx\/index.php?rest_route=\/wp\/v2\/media\/67897"}],"wp:attachment":[{"href":"https:\/\/zonaroja.com.mx\/index.php?rest_route=%2Fwp%2Fv2%2Fmedia&parent=87870"}],"wp:term":[{"taxonomy":"category","embeddable":true,"href":"https:\/\/zonaroja.com.mx\/index.php?rest_route=%2Fwp%2Fv2%2Fcategories&post=87870"},{"taxonomy":"post_tag","embeddable":true,"href":"https:\/\/zonaroja.com.mx\/index.php?rest_route=%2Fwp%2Fv2%2Ftags&post=87870"}],"curies":[{"name":"wp","href":"https:\/\/api.w.org\/{rel}","templated":true}]}}