{"id":87872,"date":"2025-12-10T15:21:00","date_gmt":"2025-12-10T21:21:00","guid":{"rendered":"https:\/\/zonaroja.com.mx\/?p=87872"},"modified":"2025-12-10T08:23:00","modified_gmt":"2025-12-10T14:23:00","slug":"avalan-agencias-internacionales-calificacion-crediticia-de-oaxaca","status":"publish","type":"post","link":"https:\/\/zonaroja.com.mx\/?p=87872","title":{"rendered":"Avalan agencias internacionales calificaci\u00f3n crediticia de Oaxaca"},"content":{"rendered":"\n<p>Redacci\u00f3n\/Zona Roja.<\/p>\n\n\n\n<p>Oaxaca, Oax., a 10 de diciembre de 2025.- En un hecho sin precedentes, las agencias Fitch Ratings, HR Ratings, Moody\u2019s y Standard &amp; Poor\u2019s han elevado simult\u00e1neamente la calificaci\u00f3n crediticia de Oaxaca y posicionan a la entidad con un nuevo y mayor nivel de confianza ante los mercados financieros nacional e internacional.<\/p>\n\n\n\n<p>El eficiente manejo de la hacienda p\u00fablica y el compromiso con la disciplina financiera del Gobierno de Salom\u00f3n Jara Cruz ha permitido fortalecer las finanzas p\u00fablicas de Oaxaca y coloca a este estado como un referente nacional, que ha sido reconocido por tercer a\u00f1o consecutivo por parte de estas calificadoras de riesgos.&nbsp;<\/p>\n\n\n\n<p>Estas calificaciones que reflejan la capacidad y voluntad del Gobierno de Oaxaca para cumplir con sus obligaciones financieras, son el resultado de los esfuerzos estatales para aumentar la recaudaci\u00f3n y llevar la generaci\u00f3n de recursos propios a niveles hist\u00f3ricos. Representa tambi\u00e9n un menor nivel de endeudamiento y una mayor capacidad para cumplir con sus compromisos y obligaciones financieras.<\/p>\n\n\n\n<p>A mayor capacidad de pago, mayor confianza, en consecuencia, mayor certeza jur\u00eddica y mejores condiciones para acceder a financiamiento y atraer inversiones.&nbsp;<\/p>\n\n\n\n<p>Los niveles de calificaci\u00f3n de Oaxaca se ubican hoy por arriba del promedio nacional y reflejan un compromiso muy fuerte de la administraci\u00f3n estatal para mejorar los servicios p\u00fablicos en la entidad y atender las necesidades de la poblaci\u00f3n, particularmente de los m\u00e1s pobres.&nbsp;<\/p>\n\n\n\n<p>El titular de la Secretar\u00eda de Finanzas, Farid Acevedo L\u00f3pez subray\u00f3 que esta mejora confirma la vocaci\u00f3n del Gobernador Salom\u00f3n Jara con el equilibrio fiscal, la administraci\u00f3n eficiente de los recursos p\u00fablicos y una gesti\u00f3n orientada a promover el desarrollo con bienestar e inclusi\u00f3n.<\/p>\n\n\n\n<p>\u201cLa confianza de las calificadoras es una muestra de que en Oaxaca se gobierna con honestidad y responsabilidad. Hoy los recursos se convierten en inversi\u00f3n p\u00fablica que impacta directamente en la vida de las oaxaque\u00f1as y oaxaque\u00f1os\u201d, afirm\u00f3.<\/p>\n\n\n\n<p>Esta tendencia, agreg\u00f3 el funcionario, junto con el uso responsable del erario p\u00fablico, permitir\u00e1 destinar mayores recursos a sectores como la infraestructura carretera, hidr\u00e1ulica y educativa; as\u00ed como a la salud, los apoyos sociales y el campo.<\/p>\n","protected":false},"excerpt":{"rendered":"<p>Redacci\u00f3n\/Zona Roja. Oaxaca, Oax., a 10 de diciembre de 2025.- En un hecho sin precedentes,&hellip;<\/p>\n","protected":false},"author":2,"featured_media":71954,"comment_status":"closed","ping_status":"open","sticky":false,"template":"","format":"standard","meta":{"_lmt_disableupdate":"","_lmt_disable":"","_jetpack_memberships_contains_paid_content":false,"footnotes":""},"categories":[109,46],"tags":[3507,2346],"class_list":["post-87872","post","type-post","status-publish","format-standard","has-post-thumbnail","hentry","category-minuto-a-minuto","category-zona-blanca","tag-farid-acevedo-lopez","tag-secretaria-de-finanzas-gobierno-de-oaxaca"],"jetpack_featured_media_url":"https:\/\/zonaroja.com.mx\/wp-content\/uploads\/2024\/08\/Farid-Acevedo-L.jpeg","jetpack_sharing_enabled":true,"_links":{"self":[{"href":"https:\/\/zonaroja.com.mx\/index.php?rest_route=\/wp\/v2\/posts\/87872","targetHints":{"allow":["GET"]}}],"collection":[{"href":"https:\/\/zonaroja.com.mx\/index.php?rest_route=\/wp\/v2\/posts"}],"about":[{"href":"https:\/\/zonaroja.com.mx\/index.php?rest_route=\/wp\/v2\/types\/post"}],"author":[{"embeddable":true,"href":"https:\/\/zonaroja.com.mx\/index.php?rest_route=\/wp\/v2\/users\/2"}],"replies":[{"embeddable":true,"href":"https:\/\/zonaroja.com.mx\/index.php?rest_route=%2Fwp%2Fv2%2Fcomments&post=87872"}],"version-history":[{"count":1,"href":"https:\/\/zonaroja.com.mx\/index.php?rest_route=\/wp\/v2\/posts\/87872\/revisions"}],"predecessor-version":[{"id":87873,"href":"https:\/\/zonaroja.com.mx\/index.php?rest_route=\/wp\/v2\/posts\/87872\/revisions\/87873"}],"wp:featuredmedia":[{"embeddable":true,"href":"https:\/\/zonaroja.com.mx\/index.php?rest_route=\/wp\/v2\/media\/71954"}],"wp:attachment":[{"href":"https:\/\/zonaroja.com.mx\/index.php?rest_route=%2Fwp%2Fv2%2Fmedia&parent=87872"}],"wp:term":[{"taxonomy":"category","embeddable":true,"href":"https:\/\/zonaroja.com.mx\/index.php?rest_route=%2Fwp%2Fv2%2Fcategories&post=87872"},{"taxonomy":"post_tag","embeddable":true,"href":"https:\/\/zonaroja.com.mx\/index.php?rest_route=%2Fwp%2Fv2%2Ftags&post=87872"}],"curies":[{"name":"wp","href":"https:\/\/api.w.org\/{rel}","templated":true}]}}