{"id":87874,"date":"2025-12-10T15:41:48","date_gmt":"2025-12-10T21:41:48","guid":{"rendered":"https:\/\/zonaroja.com.mx\/?p=87874"},"modified":"2025-12-10T15:41:48","modified_gmt":"2025-12-10T21:41:48","slug":"en-el-corazon-cultural-de-mexico-sinfonica-de-oaxaca-mendiga-lugares-para-ensayar-y-tocar","status":"publish","type":"post","link":"https:\/\/zonaroja.com.mx\/?p=87874","title":{"rendered":"En \u00abel coraz\u00f3n cultural de M\u00e9xico\u00bb, Sinf\u00f3nica de Oaxaca \u00abmendiga\u00bb lugares para ensayar y tocar&nbsp;"},"content":{"rendered":"\n<p>Lisbeth Mej\u00eda Reyes\/Zona Roja.&nbsp;<\/p>\n\n\n\n<p>Oaxaca, Oaxaca., a 10 de diciembre de 2025.- El director de la Orquesta Sinf\u00f3nica de Oaxaca, Faustino D\u00edaz M\u00e9ndez, cuestion\u00f3 que aun cuando las autoridades han descrito al estado de Oaxaca como \u00abel coraz\u00f3n cultural de M\u00e9xico\u00bb, instituciones gubernamentales como la que dirige carezcan de un lugar digno para tocar\u00e1 e incluso para ensayar.<\/p>\n\n\n\n<p>A trav\u00e9s de su perfil de Facebook, el tambi\u00e9n director de la Orquesta Sinf\u00f3nica de Campeche (OSCAM) expres\u00f3 que es \u00abcontradictorio que &#8216;el coraz\u00f3n cultural de M\u00e9xico&#8217;, o sea Oaxaca, no tenga una sala de conciertos\u00bb.<\/p>\n\n\n\n<p>El m\u00fasico originario de San Lorenzo Cacaotepec, regi\u00f3n Valles Centrales de Oaxaca, dijo preferir \u00abmil veces ser como Veracruz, que no es el coraz\u00f3n cultural de M\u00e9xico, pero tiene dos sendas salas de concierto de 1er mundo, la Sala Tlaqna sede de la OSX y el foro Boca, sede de la OFBR. Adem\u00e1s del teatro clavijero y de la reforma en el puerto y del teatro del estado en Xalapa\u00bb.<\/p>\n\n\n\n<p>\u00abMi querida Orquesta Sinf\u00f3nica de Oaxaca y su servidor andamos mendigando lugares para poder ensayar y tocar\u00bb, agreg\u00f3 el director, quien asumi\u00f3 la titularidad de esta agrupaci\u00f3n dependiente de la Secretar\u00eda de las Culturas y Artes (Seculta) en febrero pasado.&nbsp;<\/p>\n\n\n\n<p>Para entonces, la Sinf\u00f3nica de Oaxaca ya padec\u00eda un nuevo episodio de olvido gubernamental, con casi cinco meses sin director, tras la jubilaci\u00f3n del m\u00fasico Eliseo Mart\u00ednez Garc\u00eda.<\/p>\n\n\n\n<p>Antes de esta \u00faltima cr\u00edtica, Faustino D\u00edaz ya hab\u00eda hablado sobre las condiciones de la Sinf\u00f3nica de Oaxaca en octubre de 2024, durante el Festival Internacional Cervantino, cuando fue su director invitado.<\/p>\n\n\n\n<p>La Sinf\u00f3nica, explic\u00f3 entonces, \u00abes una de las orquestas peores pagadas de nuestro pa\u00eds. El sueldo que percibe la Orquesta Sinf\u00f3nica de Oaxaca no es digno para los m\u00fasicos\u00bb, expres\u00f3 ante el p\u00fablico del teatro Ju\u00e1rez en el estado de Guanajuato.<\/p>\n\n\n\n<p>Adem\u00e1s de la Sinf\u00f3nica de Oaxaca, en los \u00faltimos meses fue la Banda de M\u00fasica del Estado, tambi\u00e9n dependiente de la Seculta, la que se manifest\u00f3 por las precarias condiciones en que se mantiene.<\/p>\n\n\n\n<p><\/p>\n","protected":false},"excerpt":{"rendered":"<p>Lisbeth Mej\u00eda Reyes\/Zona Roja.&nbsp; Oaxaca, Oaxaca., a 10 de diciembre de 2025.- El director de&hellip;<\/p>\n","protected":false},"author":2,"featured_media":81820,"comment_status":"closed","ping_status":"open","sticky":false,"template":"","format":"standard","meta":{"_lmt_disableupdate":"","_lmt_disable":"","_jetpack_memberships_contains_paid_content":false,"footnotes":""},"categories":[109,47],"tags":[],"class_list":["post-87874","post","type-post","status-publish","format-standard","has-post-thumbnail","hentry","category-minuto-a-minuto","category-zona-gris"],"jetpack_featured_media_url":"https:\/\/zonaroja.com.mx\/wp-content\/uploads\/2025\/06\/Faustino-Diaz-Orquesta-Sinfonica-de-Oaxaca.jpg","jetpack_sharing_enabled":true,"_links":{"self":[{"href":"https:\/\/zonaroja.com.mx\/index.php?rest_route=\/wp\/v2\/posts\/87874","targetHints":{"allow":["GET"]}}],"collection":[{"href":"https:\/\/zonaroja.com.mx\/index.php?rest_route=\/wp\/v2\/posts"}],"about":[{"href":"https:\/\/zonaroja.com.mx\/index.php?rest_route=\/wp\/v2\/types\/post"}],"author":[{"embeddable":true,"href":"https:\/\/zonaroja.com.mx\/index.php?rest_route=\/wp\/v2\/users\/2"}],"replies":[{"embeddable":true,"href":"https:\/\/zonaroja.com.mx\/index.php?rest_route=%2Fwp%2Fv2%2Fcomments&post=87874"}],"version-history":[{"count":1,"href":"https:\/\/zonaroja.com.mx\/index.php?rest_route=\/wp\/v2\/posts\/87874\/revisions"}],"predecessor-version":[{"id":87875,"href":"https:\/\/zonaroja.com.mx\/index.php?rest_route=\/wp\/v2\/posts\/87874\/revisions\/87875"}],"wp:featuredmedia":[{"embeddable":true,"href":"https:\/\/zonaroja.com.mx\/index.php?rest_route=\/wp\/v2\/media\/81820"}],"wp:attachment":[{"href":"https:\/\/zonaroja.com.mx\/index.php?rest_route=%2Fwp%2Fv2%2Fmedia&parent=87874"}],"wp:term":[{"taxonomy":"category","embeddable":true,"href":"https:\/\/zonaroja.com.mx\/index.php?rest_route=%2Fwp%2Fv2%2Fcategories&post=87874"},{"taxonomy":"post_tag","embeddable":true,"href":"https:\/\/zonaroja.com.mx\/index.php?rest_route=%2Fwp%2Fv2%2Ftags&post=87874"}],"curies":[{"name":"wp","href":"https:\/\/api.w.org\/{rel}","templated":true}]}}