{"id":87876,"date":"2025-12-10T19:57:04","date_gmt":"2025-12-11T01:57:04","guid":{"rendered":"https:\/\/zonaroja.com.mx\/?p=87876"},"modified":"2025-12-10T19:57:06","modified_gmt":"2025-12-11T01:57:06","slug":"en-dia-internacional-de-los-derechos-humanos-denuncian-multiples-violencias","status":"publish","type":"post","link":"https:\/\/zonaroja.com.mx\/?p=87876","title":{"rendered":"En D\u00eda Internacional de los Derechos Humanos, denuncian m\u00faltiples violencias"},"content":{"rendered":"\n<p>Lisbeth Mej\u00eda Reyes\/Zona Roja.<\/p>\n\n\n\n<p>Oaxaca, Oax., a 10 de diciembre de 2025.- Organizaciones de la sociedad civil que integran la Acci\u00f3n Colectiva por los Derechos Humanos de Oaxaca (ACDHO) denunciaron este mi\u00e9rcoles que en la entidad persisten m\u00faltiples violencias en contra de las ni\u00f1as y mujeres, los pueblos originarios, personas con discapacidad, defensoras y defensores, as\u00ed como personas de la diversidad sexo-gen\u00e9rica.<\/p>\n\n\n\n<p>Este 10 de diciembre, D\u00eda Internacional de los Derechos Humanos, las organizaciones de la ACDHO exigieron a los gobiernos asumir sus responsabilidades para garantizar los derechos humanos y el acceso a la justicia. Asimismo, para asignar presupuestos para atender las necesidades y problem\u00e1ticas en la materia, pues hasta ahora son insuficientes y distan mucho de lo que se asigna a las fiestas de Guelaguetza.<\/p>\n\n\n\n<p>En su pronunciamiento por la conmemoraci\u00f3n, organizaciones como el Grupo de Estudios sobre la Mujer Rosario Castellanos (GES Mujer), Mano Vuelta y Servicios para una Educaci\u00f3n Alternativa A. C. (Educa) se\u00f1alaron que en lo que va de la administraci\u00f3n estatal han sido asesinadas 285 ni\u00f1as y mujeres, siendo las regiones Istmo de Tehuantepec y Valles Centrales las regiones m\u00e1s violentas al concentrar la mitad de los feminicidios.<\/p>\n\n\n\n<p>Desde el 2018, en Oaxaca se mantienen 40 municipios con Alerta de Violencia de G\u00e9nero contra las Mujeres (AVGM), un mecanismo que las autoridades debieron implementar para reducir y frenar las violencias, pero que de acuerdo con las organizaciones no se ha tomado en serio.<\/p>\n\n\n\n<p>Con base en datos de las propias autoridades y de otras fuentes, las organizaciones tambi\u00e9n se\u00f1alaron que a cuatro a\u00f1os de la tipificaci\u00f3n de la violencia pol\u00edtica contra las mujeres en raz\u00f3n de g\u00e9nero ninguna de las casi 300 carpetas de investigaci\u00f3n abiertas han llegado a una sentencia.<\/p>\n\n\n\n<p>La criminalizaci\u00f3n, desapariciones y asesinatos de quienes defienden la vida y el territorio fue otro de los se\u00f1alamientos de las organizaciones, que tambi\u00e9n detallaron que el 5 por ciento del territorio oaxaque\u00f1o est\u00e1 concesionado a \u00abempresas mineras ilegales que despojan, extraen y devastan nuestro territorio\u00bb.<\/p>\n\n\n\n<p>Las asociaciones civiles y organizaciones tambi\u00e9n exigieron la aparici\u00f3n con vida de Mar\u00eda Tonantzin, defensora trans que desde octubre est\u00e1 desaparecida. Tambi\u00e9n explicaron que en lo que va del 2025 se han registrado al menos \u00ab93 cr\u00edmenes de odio en contra de personas de la diversidad sexo-gen\u00e9rica en el estado\u00bb, principalmente mujeres trans (57) y hombres gays (28).<\/p>\n\n\n\n<p>En el pronunciamiento firmado por Trans Difusi\u00f3n y Servicios del Pueblo Mixe, entre otras organizaciones, tambi\u00e9n se explic\u00f3 que las m\u00e1s de 842 mil personas con alguna discapacidad en el estado siguen invisibilizadas como sujetas de derechos y enfrentan m\u00faltiples barreras en todos los \u00e1mbitos.<\/p>\n\n\n\n<p>Entre las organizaciones que integran la Acci\u00f3n Colectiva y que tambi\u00e9n firmaron el pronunciamiento est\u00e1n: Cepiadet, Pi\u00f1a Palmera, Marea Verde Mixteca, Luna del Sur, Cepiadet y el Centro de Derechos Ind\u00edgenas Flor y Canto.<\/p>\n","protected":false},"excerpt":{"rendered":"<p>Lisbeth Mej\u00eda Reyes\/Zona Roja. Oaxaca, Oax., a 10 de diciembre de 2025.- Organizaciones de la&hellip;<\/p>\n","protected":false},"author":2,"featured_media":87877,"comment_status":"closed","ping_status":"open","sticky":false,"template":"","format":"standard","meta":{"_lmt_disableupdate":"","_lmt_disable":"","_jetpack_memberships_contains_paid_content":false,"footnotes":""},"categories":[109,47],"tags":[],"class_list":["post-87876","post","type-post","status-publish","format-standard","has-post-thumbnail","hentry","category-minuto-a-minuto","category-zona-gris"],"jetpack_featured_media_url":"https:\/\/zonaroja.com.mx\/wp-content\/uploads\/2025\/12\/Colectivos-ONG-derechos-humanos.jpg","jetpack_sharing_enabled":true,"_links":{"self":[{"href":"https:\/\/zonaroja.com.mx\/index.php?rest_route=\/wp\/v2\/posts\/87876","targetHints":{"allow":["GET"]}}],"collection":[{"href":"https:\/\/zonaroja.com.mx\/index.php?rest_route=\/wp\/v2\/posts"}],"about":[{"href":"https:\/\/zonaroja.com.mx\/index.php?rest_route=\/wp\/v2\/types\/post"}],"author":[{"embeddable":true,"href":"https:\/\/zonaroja.com.mx\/index.php?rest_route=\/wp\/v2\/users\/2"}],"replies":[{"embeddable":true,"href":"https:\/\/zonaroja.com.mx\/index.php?rest_route=%2Fwp%2Fv2%2Fcomments&post=87876"}],"version-history":[{"count":1,"href":"https:\/\/zonaroja.com.mx\/index.php?rest_route=\/wp\/v2\/posts\/87876\/revisions"}],"predecessor-version":[{"id":87878,"href":"https:\/\/zonaroja.com.mx\/index.php?rest_route=\/wp\/v2\/posts\/87876\/revisions\/87878"}],"wp:featuredmedia":[{"embeddable":true,"href":"https:\/\/zonaroja.com.mx\/index.php?rest_route=\/wp\/v2\/media\/87877"}],"wp:attachment":[{"href":"https:\/\/zonaroja.com.mx\/index.php?rest_route=%2Fwp%2Fv2%2Fmedia&parent=87876"}],"wp:term":[{"taxonomy":"category","embeddable":true,"href":"https:\/\/zonaroja.com.mx\/index.php?rest_route=%2Fwp%2Fv2%2Fcategories&post=87876"},{"taxonomy":"post_tag","embeddable":true,"href":"https:\/\/zonaroja.com.mx\/index.php?rest_route=%2Fwp%2Fv2%2Ftags&post=87876"}],"curies":[{"name":"wp","href":"https:\/\/api.w.org\/{rel}","templated":true}]}}