{"id":87879,"date":"2025-12-11T07:20:00","date_gmt":"2025-12-11T13:20:00","guid":{"rendered":"https:\/\/zonaroja.com.mx\/?p=87879"},"modified":"2025-12-11T06:52:33","modified_gmt":"2025-12-11T12:52:33","slug":"detienen-a-lider-de-catem-en-durango-acusado-de-crimen-organizado","status":"publish","type":"post","link":"https:\/\/zonaroja.com.mx\/?p=87879","title":{"rendered":"Detienen a l\u00edder de CATEM en Durango, acusado de crimen organizado"},"content":{"rendered":"\n<p>Redacci\u00f3n\/Zona Roja Cdmx.<\/p>\n\n\n\n<p>(Informaci\u00f3n de \u201cLa Prensa\u201d)<\/p>\n\n\n\n<p>Ciudad de M\u00e9xico, a 11 de diciembre de 2025.- Edgar Rodr\u00edguez Ortiz, alias \u201cEl Limones\u201d, secretario de organizaci\u00f3n de la CATEM en La Laguna e identificado por autoridades como operador financiero, jefe de plaza y objetivo prioritario del grupo criminal \u201cLos Cabrera\u201d, fue detenido en Durango.<\/p>\n\n\n\n<p>Rodr\u00edguez Ortiz combinaba su posici\u00f3n sindical con actividades de extorsi\u00f3n a comerciantes y ganaderos, adem\u00e1s de imponer cuotas al sector agropecuario, transportistas y negocios locales.<\/p>\n\n\n\n<p>En la regi\u00f3n presum\u00eda v\u00ednculos con pol\u00edticos y mandos militares, lo que, seg\u00fan fuentes de seguridad, le daba margen para operar y expandir la influencia de su grupo delictivo.<\/p>\n\n\n\n<p>La investigaci\u00f3n del Centro Nacional de Inteligencia (CNI) permiti\u00f3 identificar sus rutas de cobro, su estructura operativa y el esquema de lavado de dinero asociado con \u201cLos Cabrera\u201d.<\/p>\n\n\n\n<p>Con esos datos, la Fiscal\u00eda General de la Rep\u00fablica obtuvo \u00f3rdenes judiciales para catear inmuebles en Durango y Coahuila.<\/p>\n\n\n\n<p>Durante el despliegue, elementos de las secretar\u00edas de Marina, Defensa y Seguridad, de la Guardia Nacional y de la Agencia de Investigaci\u00f3n Criminal ejecutaron operativos simult\u00e1neos que culminaron con la captura de \u201cEl Limones\u201d y otros integrantes de la c\u00e9lula.<\/p>\n\n\n\n<p>En los operativos, las autoridades se incautaron de cinco armas largas, un arma corta y equipo t\u00e1ctico.<\/p>\n\n\n\n<p>La Unidad de Inteligencia Financiera (UIF) confirm\u00f3 que Rodr\u00edguez Ortiz manejaba operaciones millonarias sin justificaci\u00f3n, triangulando recursos y participando en la compra-venta de inmuebles, veh\u00edculos de lujo, joyer\u00eda, relojes y apuestas, actividades utilizadas para blanquear capitales de \u201cLos Cabrera\u201d.<\/p>\n\n\n\n<p>Autoridades lo ubican en el segundo nivel de la estructura, bajo \u00f3rdenes directas de Jos\u00e9 Luis Cabrera Sarabia, \u201cEl 03\u201d o \u201cEl 300\u201d.<\/p>\n\n\n\n<p>Su captura representa un golpe relevante para la organizaci\u00f3n, que manten\u00eda desde hace a\u00f1os una red de cobro de piso y amenazas contra productores, empresarios y familias de la regi\u00f3n lagunera.<\/p>\n\n\n\n<p>El Gabinete de Seguridad se\u00f1al\u00f3 que la operaci\u00f3n combina inteligencia, investigaci\u00f3n financiera y despliegue t\u00e1ctico para debilitar las estructuras econ\u00f3micas que sostienen a los grupos criminales.<\/p>\n\n\n\n<p>En septiembre pasado la organizaci\u00f3n sindical del diputado federal morenista Pedro Haces, fue cateada por la Fiscal\u00eda de Durango asegur\u00f3 m\u00faltiples documentos, confirm\u00f3 Armando Cobi\u00e1n, secretario general del organismo en esa entidad.<\/p>\n\n\n\n<p>Aunque la diligencia fue apoyada por la Guardia Nacional y el Ej\u00e9rcito, el dirigente local aclar\u00f3 que fue la Fiscal\u00eda estatal la encargada del cateo, no la FGR, como se se\u00f1al\u00f3 originalmente, y neg\u00f3 que haya habido la necesidad de derribar puertas.<\/p>\n\n\n\n<p>El cateo se dio dos semanas despu\u00e9s de que las c\u00e1maras empresariales de La Laguna, que incluye municipios de Durango y Coahuila, pidi\u00f3 la intervenci\u00f3n de la Presidenta Claudia Sheinbaum para frenar las extorsiones y cobros de piso de la CATEM.<\/p>\n\n\n\n<p>En esa ocasi\u00f3n, la organizaci\u00f3n difundi\u00f3 un comunicado en el que se deslind\u00f3 de las acusaciones.<\/p>\n","protected":false},"excerpt":{"rendered":"<p>Redacci\u00f3n\/Zona Roja Cdmx. (Informaci\u00f3n de \u201cLa Prensa\u201d) Ciudad de M\u00e9xico, a 11 de diciembre de&hellip;<\/p>\n","protected":false},"author":2,"featured_media":87880,"comment_status":"closed","ping_status":"open","sticky":false,"template":"","format":"standard","meta":{"_lmt_disableupdate":"","_lmt_disable":"","_jetpack_memberships_contains_paid_content":false,"footnotes":""},"categories":[109,47],"tags":[1069,4575],"class_list":["post-87879","post","type-post","status-publish","format-standard","has-post-thumbnail","hentry","category-minuto-a-minuto","category-zona-gris","tag-confederacion-autonoma-de-trabajadores-y-empleados-de-mexico-catem","tag-edgar-rodriguez-ortiz-el-limones"],"jetpack_featured_media_url":"https:\/\/zonaroja.com.mx\/wp-content\/uploads\/2025\/12\/Edgar-Rodriguez-CATEM-Durango.jpeg","jetpack_sharing_enabled":true,"_links":{"self":[{"href":"https:\/\/zonaroja.com.mx\/index.php?rest_route=\/wp\/v2\/posts\/87879","targetHints":{"allow":["GET"]}}],"collection":[{"href":"https:\/\/zonaroja.com.mx\/index.php?rest_route=\/wp\/v2\/posts"}],"about":[{"href":"https:\/\/zonaroja.com.mx\/index.php?rest_route=\/wp\/v2\/types\/post"}],"author":[{"embeddable":true,"href":"https:\/\/zonaroja.com.mx\/index.php?rest_route=\/wp\/v2\/users\/2"}],"replies":[{"embeddable":true,"href":"https:\/\/zonaroja.com.mx\/index.php?rest_route=%2Fwp%2Fv2%2Fcomments&post=87879"}],"version-history":[{"count":1,"href":"https:\/\/zonaroja.com.mx\/index.php?rest_route=\/wp\/v2\/posts\/87879\/revisions"}],"predecessor-version":[{"id":87881,"href":"https:\/\/zonaroja.com.mx\/index.php?rest_route=\/wp\/v2\/posts\/87879\/revisions\/87881"}],"wp:featuredmedia":[{"embeddable":true,"href":"https:\/\/zonaroja.com.mx\/index.php?rest_route=\/wp\/v2\/media\/87880"}],"wp:attachment":[{"href":"https:\/\/zonaroja.com.mx\/index.php?rest_route=%2Fwp%2Fv2%2Fmedia&parent=87879"}],"wp:term":[{"taxonomy":"category","embeddable":true,"href":"https:\/\/zonaroja.com.mx\/index.php?rest_route=%2Fwp%2Fv2%2Fcategories&post=87879"},{"taxonomy":"post_tag","embeddable":true,"href":"https:\/\/zonaroja.com.mx\/index.php?rest_route=%2Fwp%2Fv2%2Ftags&post=87879"}],"curies":[{"name":"wp","href":"https:\/\/api.w.org\/{rel}","templated":true}]}}