{"id":8788,"date":"2020-02-15T07:04:29","date_gmt":"2020-02-15T13:04:29","guid":{"rendered":"http:\/\/www.zonaroja.com.mx\/?p=8788"},"modified":"2020-02-15T07:04:34","modified_gmt":"2020-02-15T13:04:34","slug":"cronica-en-el-zocalo-la-guerra-en-palacio-nacional-la-retorica","status":"publish","type":"post","link":"https:\/\/zonaroja.com.mx\/?p=8788","title":{"rendered":"Cr\u00f3nica. En el z\u00f3calo, la guerra; en Palacio Nacional, la ret\u00f3rica"},"content":{"rendered":"\n<p>Marco Antonio Aguilar\/Eje Central<\/p>\n\n\n\n<p>Ciudad de M\u00e9xico, 15 de febrero de 2020.-\nEran m\u00e1s de cien y casi todas encapuchadas. Llegaron con la rabia ser\nescuchadas: cese a feminicidios y violencia de g\u00e9nero.<\/p>\n\n\n\n<p>Treinta minutos antes de las siete de\nla ma\u00f1ana se apostaron afuera de Palacio Nacional. Justo para irrumpir en la\npasividad de las ma\u00f1aneras del Presidente.<\/p>\n\n\n\n<p>La madrugada de este viernes se cimbr\u00f3\nafuera de Palacio Nacional. Las j\u00f3venes no dejaron de gritar hasta desgarrar su\ngarganta:<\/p>\n\n\n\n<p>\u201cMe cuidan mis amigas, no la polic\u00eda\u201d\u2026\n\u201cSe\u00f1or, se\u00f1ora, no sea indiferente: se mata a las mujeres en la cara de la\ngente\u201d\u2026<\/p>\n\n\n\n<p>Empujones, quemas, golpes, reclamos,\nconfusi\u00f3n y destrucci\u00f3n. Afuera la revoluci\u00f3n, adentro, con el Presidente la\naparente calma.<\/p>\n\n\n\n<p>El presidente Andr\u00e9s Manuel L\u00f3pez\nObrador lleg\u00f3 tarde al Sal\u00f3n Tesorer\u00eda. Eran las 7:20. Se le ve\u00eda sonriente. Le\nsegu\u00eda de cerca el secretario de la Defensa Nacional, Luis Cresencio Sandoval,\nque llevaba sus ojos en su tableta.<\/p>\n\n\n\n<p>\u201c\u00a1Buenos d\u00edas!\u201d, solt\u00f3 como cada\nma\u00f1ana, mientras acomodaba sus documentos en el atril.<\/p>\n\n\n\n<p>Mientras comenzaba la ma\u00f1anera, entre\nlos reporteros se compart\u00edan preguntas. \u201cSi te da la palabra, preguntas sobre\nla protesta\u201d, se dec\u00edan unos a otros. Aunque no todos, otros ya tra\u00edan sus\ntemas.<\/p>\n\n\n\n<p>\u201cFelicidades a todas, a todos, amigos.\nHoy es d\u00eda de la amistad y hay que cultivar la amistad, nada de pleitos y\nenemistades y confrontaciones. Abrazos, no balazos\u201d, inici\u00f3 su discurso\nrefiri\u00e9ndose al 14 de febrero, celebraci\u00f3n de origen cat\u00f3lico.<\/p>\n\n\n\n<p>LOS RECLAMOS<\/p>\n\n\n\n<p>Hab\u00edan pasado 45 minutos, cuando el\ntema brot\u00f3. L\u00f3pez Obrador repiti\u00f3 sus frases cuando habla de inseguridad:\nrespeto al movimiento feminista y que a diario trabaja para garantizar la paz y\nla seguridad.<\/p>\n\n\n\n<p>\u201cCelebramos que las mujeres defiendan\nsu derecho a la seguridad\u201d, solt\u00f3, aunque esta vez su actitud no era de tanta\ncalma, como suele ser. Sus manos constantemente las entrelazaba y sobaba.<\/p>\n\n\n\n<p>\u201cMe pronuncio a favor de las mujeres,\nen contra del feminicidio\u2026\u201d y luego se desvi\u00f3 del tema, comenz\u00f3 a hablar de\nTwitter, de los bots y de las ganancias que genera. Pero la voz de una mujer lo\ninterrumpi\u00f3.<\/p>\n\n\n\n<p>\u201cPresidente, \u00bfpor qu\u00e9 se desv\u00eda del\ntema?\u201d, cuestion\u00f3 una joven desde la esquina de la primera fila.<\/p>\n\n\n\n<p>Era Frida Guerrera, una activista y\nperiodista, que desde 2016 ha denunciado feminicidios en el pa\u00eds.<\/p>\n\n\n\n<p>\u201cUno de los puntos que, desgraciadamente durante todos estos a\u00f1os se han vivido en este pa\u00eds, para que se tergiversen los mensajes, es la falta de claridad justo en esos mensajes\u201d, ataj\u00f3 la mujer, de pie y y con el micr\u00f3fono cuestion\u00f3 la falta de una Fiscal\u00eda especializada en feminicidios.<\/p>\n\n\n\n<figure class=\"wp-block-embed-twitter wp-block-embed is-type-rich is-provider-twitter\"><div class=\"wp-block-embed__wrapper\">\n<div class=\"twitter-tweet\"><blockquote class=\"twitter-tweet\" data-lang=\"es\"><p lang=\"es\" dir=\"ltr\"><a href=\"https:\/\/twitter.com\/hashtag\/FeminicidiosM%C3%A9xico?src=hash&amp;ref_src=twsrc%5Etfw\">#FeminicidiosM\u00e9xico<\/a><br>\u201c\u00bfDe verdad se va a hacer algo y no nada m\u00e1s va a ser simulaci\u00f3n?\u201d; los reclamos de la periodista y activista <a href=\"https:\/\/twitter.com\/Fridaguerrera?ref_src=twsrc%5Etfw\">@Fridaguerrera<\/a> que enojaron al Presidente <a href=\"https:\/\/twitter.com\/lopezobrador_?ref_src=twsrc%5Etfw\">@lopezobrador_<\/a>. <br>Video de la agencia <a href=\"https:\/\/twitter.com\/ajplusespanol?ref_src=twsrc%5Etfw\">@ajplusespanol<\/a> <a href=\"https:\/\/t.co\/hSRmZWlXA4\">pic.twitter.com\/hSRmZWlXA4<\/a><\/p>&mdash; Zona Roja Oaxaca (@MexRoja) <a href=\"https:\/\/twitter.com\/MexRoja\/status\/1228530031149961216?ref_src=twsrc%5Etfw\">15 de febrero de 2020<\/a><\/blockquote><\/div>\n<\/div><\/figure>\n\n\n\n<p>Pero fue m\u00e1s all\u00e1. Exigi\u00f3 una postura\nclara por parte del Presidente hacia las mujeres.<\/p>\n\n\n\n<p>\u201cS\u00ed, pero ya manifest\u00e9\u201d, contest\u00f3 el\ntabasque\u00f1o mientras revisaba las hojas en su atril. Sus manos se volvieron a\nentrelazar, no se soltaron. Estaba tenso.<\/p>\n\n\n\n<p>\u201cNo estoy metiendo la cabeza en la\narena, no estoy evadiendo mi responsabilidad, no es la pol\u00edtica del avestruz\u201d,\ncomo tratando de bromear, con una media sonrisa en el rostro.<\/p>\n\n\n\n<p>Esta vez no se escuch\u00f3 los silencios\nque el presidente incluye en sus discursos para manejar los temas y el ritmo de\nla ma\u00f1anera. Las consignas se colaban entre las paredes de piedra y se\nescuchaban al interior de Palacio Nacional. Pero no s\u00f3lo eso, Frida Guerrera\nutiliz\u00f3 las pausas para interpelar respetuosamente al L\u00f3pez Obrador. Era\nnecesario que el Presidente se pronunciara, le insist\u00eda.<\/p>\n\n\n\n<p>\u201cTe repito, todos los d\u00edas atendemos el\nproblema\u201d, insisti\u00f3 el mandatario. Pero para entonces gran parte de los\nreporteros se sumaban a la exigencia de respuestas. Lo mismo ocurri\u00f3 en las\nredes sociales, comenz\u00f3 la discusi\u00f3n por respuestas.<\/p>\n\n\n\n<p>Como arma de defensa, L\u00f3pez Obrador\nretomaba su discurso sobre la corrupci\u00f3n, a culpar a gobiernos anteriores de\nlos actos del presente, a mezclar a los feminicidios con los dem\u00e1s delitos.\n\u201cSoy un transformador\u201d, solt\u00f3.<\/p>\n\n\n\n<p>\u201cEntendemos el tema de la igualdad y no\nes guerra de hombres contra mujeres\u201d, volvi\u00f3 a interrumpir Frida Guerrera, ya\nsentada. \u201cLa gente all\u00e1 afuera est\u00e1 esperando que haya ese inter\u00e9s especial (\u2026)\nque usted un d\u00eda d\u00e9 una respuesta directa\u201d, alz\u00f3 la voz y se puso de pie.<\/p>\n\n\n\n<p>\u201c\u00bfY no basta con lo que estoy\ndiciendo?\u201d, le pregunt\u00f3 el mandatario a la reportera, notoriamente molesto y\ncon un tema de voz superior al que normalmente utiliza.<\/p>\n\n\n\n<p>Frida Guerrero tambi\u00e9n sac\u00f3 sus propias\ncartas credenciales. Le dijo al Presidente que sab\u00eda de su trayectoria, porque\nella hab\u00eda luchado con \u00e9l en Oaxaca, pero le insisti\u00f3, el Presidente debe\npronunciarse.<\/p>\n\n\n\n<p>Acto seguido, con la mano derecha\nrecostada en el atril, como lo hace cuando trata temas complicados. Declam\u00f3 un\ndec\u00e1logo, como \u201cmensaje para el feminicidio\u201d. En cada enunciado realiz\u00f3 una\nse\u00f1al de autoaprobaci\u00f3n con la cabeza. Ninguno de los puntos habl\u00f3 de justicia\npara las v\u00edctimas. \u201c\u00bfYa?\u201d, dijo al cerrar.<\/p>\n\n\n\n<p>Pero no bast\u00f3. Otra reportera\ninterrumpi\u00f3.<\/p>\n\n\n\n<p>\u201cQue ya les acabo de mandar un mensaje.\nQue no la paren, que se sigan manifestando y que todo lo que resiste, apoya\u201d,\ndijo alzando los brazos. Esta vez se percib\u00eda acorralado entre las preguntas.<\/p>\n\n\n\n<p>Entonces un respiro para el Presidente.\nCarlos Dom\u00ednguez, un reportero que ha denunciado el asesinato de su padre en\nmanos de la delincuencia organizada en Tamaulipas, tom\u00f3 el micr\u00f3fono. De pie,\nvestido en jeans y camisa a cuadros, simplemente cambi\u00f3 el tema, pero antes de\nhacerlo se abrog\u00f3 el derecho de decir que de feminicidios \u201cya se hab\u00eda hablado\nsuficiente\u201d.<\/p>\n\n\n\n<p>Ante la notoria molestia de muchos de los reporteros presentes, el comunicador continu\u00f3 con su pregunta, que dio paso a otras dos sobre corrupci\u00f3n en Petr\u00f3leos Mexicanos y en Sonora.<\/p>\n\n\n\n<figure class=\"wp-block-embed-twitter wp-block-embed is-type-rich is-provider-twitter\"><div class=\"wp-block-embed__wrapper\">\n<div class=\"twitter-tweet\"><blockquote class=\"twitter-tweet\" data-lang=\"es\"><p lang=\"es\" dir=\"ltr\"><a href=\"https:\/\/twitter.com\/hashtag\/FeminicidiosM%C3%A9xico?src=hash&amp;ref_src=twsrc%5Etfw\">#FeminicidiosM\u00e9xico<\/a><br>En la Ciudad de M\u00e9xico, cientos de mujeres marchan por el feminicidio de Ingrid y por la creciente violencia contra ellas. A su paso realizan pintas a inmuebles y unidades de motor; incendiaron un veh\u00edculo de motor del diario \u201cLa Prensa\u201d. <a href=\"https:\/\/t.co\/SbD9R5iIVW\">pic.twitter.com\/SbD9R5iIVW<\/a><\/p>&mdash; Zona Roja Oaxaca (@MexRoja) <a href=\"https:\/\/twitter.com\/MexRoja\/status\/1228499003639132162?ref_src=twsrc%5Etfw\">15 de febrero de 2020<\/a><\/blockquote><\/div>\n<\/div><\/figure>\n\n\n\n<p>LA GUERRA<\/p>\n\n\n\n<p>As\u00ed se dilu\u00eda el tema en la ma\u00f1anera.\nAunque afuera de Palacio Nacional no.<\/p>\n\n\n\n<p>En grupos de WhatsApp, los reporteros\npresentes en la conferencia, planeaban retomar el tema. La oportunidad no\nlleg\u00f3, el mandatario dio por terminado su llamado \u201cdi\u00e1logo circular\u201d y se fue.<\/p>\n\n\n\n<p>\u201cTodas nos llamamos Ingrid\u201d<\/p>\n\n\n\n<p>Ante la llegada del grupo antimotines\nde la Ciudad de M\u00e9xico, un representante de Atenci\u00f3n Ciudadana dialog\u00f3 con las\nprotestantes afuera de Palacio Nacional, con la promesa de recibir a una\ncomitiva.<\/p>\n\n\n\n<p>Diez mujeres encapuchadas entraron al\nrecinto, con la certeza de que el nombre de todas es Ingrid, en protesta por el\nm\u00e1s reciente caso de feminicidio en la capital. Una joven privada de la vida\npor su novio, en un caso que conmocion\u00f3 a la sociedad.<\/p>\n\n\n\n<p>Las fotograf\u00edas del feminicidio se\npublicaron en algunos medios de comunicaci\u00f3n, lo que acrecent\u00f3 el descontento y\nla indignaci\u00f3n, especialmente en grupos feministas.<\/p>\n\n\n\n<p>Aceptaron dialogar, con pasamonta\u00f1as\npuesto. Entraron con la consigna de no dar datos, no conectarse a se\u00f1ales\nabiertas de internet, ni enviar\u00edan mensajes de texto. Evitar\u00edan una posible\nintervenci\u00f3n en sus equipos m\u00f3viles.<\/p>\n\n\n\n<p>Las decenas de mujeres esperaron en la\npuerta de Atenci\u00f3n Ciudadana, sin dejar de apoyar con consignas a sus\ncompa\u00f1eras que hablaban por todas, las presentes y \u00ablas que no pudieron\nllegar\u00bb.<\/p>\n","protected":false},"excerpt":{"rendered":"<p>Marco Antonio Aguilar\/Eje Central Ciudad de M\u00e9xico, 15 de febrero de 2020.- Eran m\u00e1s de&hellip;<\/p>\n","protected":false},"author":2,"featured_media":8789,"comment_status":"closed","ping_status":"open","sticky":false,"template":"","format":"standard","meta":{"_lmt_disableupdate":"","_lmt_disable":"","_jetpack_memberships_contains_paid_content":false,"footnotes":""},"categories":[109,47],"tags":[],"class_list":["post-8788","post","type-post","status-publish","format-standard","has-post-thumbnail","hentry","category-minuto-a-minuto","category-zona-gris"],"jetpack_featured_media_url":"https:\/\/zonaroja.com.mx\/wp-content\/uploads\/2020\/02\/Marcha-feministas.jpeg","jetpack_sharing_enabled":true,"_links":{"self":[{"href":"https:\/\/zonaroja.com.mx\/index.php?rest_route=\/wp\/v2\/posts\/8788","targetHints":{"allow":["GET"]}}],"collection":[{"href":"https:\/\/zonaroja.com.mx\/index.php?rest_route=\/wp\/v2\/posts"}],"about":[{"href":"https:\/\/zonaroja.com.mx\/index.php?rest_route=\/wp\/v2\/types\/post"}],"author":[{"embeddable":true,"href":"https:\/\/zonaroja.com.mx\/index.php?rest_route=\/wp\/v2\/users\/2"}],"replies":[{"embeddable":true,"href":"https:\/\/zonaroja.com.mx\/index.php?rest_route=%2Fwp%2Fv2%2Fcomments&post=8788"}],"version-history":[{"count":1,"href":"https:\/\/zonaroja.com.mx\/index.php?rest_route=\/wp\/v2\/posts\/8788\/revisions"}],"predecessor-version":[{"id":8790,"href":"https:\/\/zonaroja.com.mx\/index.php?rest_route=\/wp\/v2\/posts\/8788\/revisions\/8790"}],"wp:featuredmedia":[{"embeddable":true,"href":"https:\/\/zonaroja.com.mx\/index.php?rest_route=\/wp\/v2\/media\/8789"}],"wp:attachment":[{"href":"https:\/\/zonaroja.com.mx\/index.php?rest_route=%2Fwp%2Fv2%2Fmedia&parent=8788"}],"wp:term":[{"taxonomy":"category","embeddable":true,"href":"https:\/\/zonaroja.com.mx\/index.php?rest_route=%2Fwp%2Fv2%2Fcategories&post=8788"},{"taxonomy":"post_tag","embeddable":true,"href":"https:\/\/zonaroja.com.mx\/index.php?rest_route=%2Fwp%2Fv2%2Ftags&post=8788"}],"curies":[{"name":"wp","href":"https:\/\/api.w.org\/{rel}","templated":true}]}}