{"id":87885,"date":"2025-12-11T09:15:00","date_gmt":"2025-12-11T15:15:00","guid":{"rendered":"https:\/\/zonaroja.com.mx\/?p=87885"},"modified":"2025-12-11T07:38:29","modified_gmt":"2025-12-11T13:38:29","slug":"reporta-el-inegi-baja-la-actividad-industrial-en-oaxaca","status":"publish","type":"post","link":"https:\/\/zonaroja.com.mx\/?p=87885","title":{"rendered":"Reporta el Inegi baja la actividad industrial en Oaxaca"},"content":{"rendered":"\n<p>Lisbeth Mej\u00eda Reyes\/Zona Roja.<\/p>\n\n\n\n<p>Oaxaca, Oax., a 11 de diciembre de 2025.- En un a\u00f1o, la actividad industrial del estado de Oaxaca disminuy\u00f3 en un 2.8 por ciento, de acuerdo con el Instituto Nacional de Estad\u00edstica y Geograf\u00eda (INEGI).&nbsp;<\/p>\n\n\n\n<p>En su m\u00e1s reciente reporte, con datos hasta agosto de este a\u00f1o, el instituto se\u00f1ala que la actividad tambi\u00e9n baj\u00f3 entre julio y agosto de este a\u00f1o en un 1.5 por ciento.<\/p>\n\n\n\n<p>La disminuci\u00f3n de la actividad industrial entre julio y agosto se registr\u00f3 en tres sectores: el de la generaci\u00f3n, transmisi\u00f3n, distribuci\u00f3n y comercializaci\u00f3n de energ\u00eda el\u00e9ctrica, suministro de agua y de gas natural son los cuatro sectores de la actividad industrial, en el de la miner\u00eda y en el de la construcci\u00f3n.<\/p>\n\n\n\n<p>Aun con esas disminuciones, la entidad registr\u00f3 un incremento del 1.3 por ciento en el sector de las industrias manufactureras en ese mismo periodo, detalla el INEGI.<\/p>\n\n\n\n<p>A diferencia de Oaxaca, la actividad industrial aument\u00f3 entre julio y agosto en los estados de Sonora (10.9 por ciento), Tamaulipas (3.8), Veracruz (2.9), Puebla (2.2) y Baja California Sur (2.1).<\/p>\n\n\n\n<p>Sin embargo, si se considera la variaci\u00f3n anual (agosto de 2024 y agosto de 2025), los estados donde la actividad industrial present\u00f3 mayor ascenso en un a\u00f1o fueron Michoac\u00e1n (21.3 por ciento), Baja California Sur (18.2), Tamaulipas (7.8), Colima (7.7), Sonora (6.1) y Aguascalientes (5.9).<\/p>\n","protected":false},"excerpt":{"rendered":"<p>Lisbeth Mej\u00eda Reyes\/Zona Roja. Oaxaca, Oax., a 11 de diciembre de 2025.- En un a\u00f1o,&hellip;<\/p>\n","protected":false},"author":2,"featured_media":86349,"comment_status":"closed","ping_status":"open","sticky":false,"template":"","format":"standard","meta":{"_lmt_disableupdate":"","_lmt_disable":"","_jetpack_memberships_contains_paid_content":false,"footnotes":""},"categories":[109,47],"tags":[],"class_list":["post-87885","post","type-post","status-publish","format-standard","has-post-thumbnail","hentry","category-minuto-a-minuto","category-zona-gris"],"jetpack_featured_media_url":"https:\/\/zonaroja.com.mx\/wp-content\/uploads\/2025\/10\/Mineria.jpg","jetpack_sharing_enabled":true,"_links":{"self":[{"href":"https:\/\/zonaroja.com.mx\/index.php?rest_route=\/wp\/v2\/posts\/87885","targetHints":{"allow":["GET"]}}],"collection":[{"href":"https:\/\/zonaroja.com.mx\/index.php?rest_route=\/wp\/v2\/posts"}],"about":[{"href":"https:\/\/zonaroja.com.mx\/index.php?rest_route=\/wp\/v2\/types\/post"}],"author":[{"embeddable":true,"href":"https:\/\/zonaroja.com.mx\/index.php?rest_route=\/wp\/v2\/users\/2"}],"replies":[{"embeddable":true,"href":"https:\/\/zonaroja.com.mx\/index.php?rest_route=%2Fwp%2Fv2%2Fcomments&post=87885"}],"version-history":[{"count":1,"href":"https:\/\/zonaroja.com.mx\/index.php?rest_route=\/wp\/v2\/posts\/87885\/revisions"}],"predecessor-version":[{"id":87886,"href":"https:\/\/zonaroja.com.mx\/index.php?rest_route=\/wp\/v2\/posts\/87885\/revisions\/87886"}],"wp:featuredmedia":[{"embeddable":true,"href":"https:\/\/zonaroja.com.mx\/index.php?rest_route=\/wp\/v2\/media\/86349"}],"wp:attachment":[{"href":"https:\/\/zonaroja.com.mx\/index.php?rest_route=%2Fwp%2Fv2%2Fmedia&parent=87885"}],"wp:term":[{"taxonomy":"category","embeddable":true,"href":"https:\/\/zonaroja.com.mx\/index.php?rest_route=%2Fwp%2Fv2%2Fcategories&post=87885"},{"taxonomy":"post_tag","embeddable":true,"href":"https:\/\/zonaroja.com.mx\/index.php?rest_route=%2Fwp%2Fv2%2Ftags&post=87885"}],"curies":[{"name":"wp","href":"https:\/\/api.w.org\/{rel}","templated":true}]}}