{"id":87887,"date":"2025-12-11T10:15:00","date_gmt":"2025-12-11T16:15:00","guid":{"rendered":"https:\/\/zonaroja.com.mx\/?p=87887"},"modified":"2025-12-11T10:59:09","modified_gmt":"2025-12-11T16:59:09","slug":"en-cateos-fiscalia-detiene-a-narcomenudista-y-desmantela-deshuesadero","status":"publish","type":"post","link":"https:\/\/zonaroja.com.mx\/?p=87887","title":{"rendered":"En cateos, Fiscal\u00eda detiene a narcomenudista y desmantela deshuesadero"},"content":{"rendered":"\n<p>Redacci\u00f3n\/Zona Roja.<\/p>\n\n\n\n<p>Oaxaca, Oax., a 11 de diciembre de 2025.-La Fiscal\u00eda General del Estado de Oaxaca (FGEO), en coordinaci\u00f3n interinstitucional, dio cumplimiento a una orden de cateo que se realiz\u00f3 de manera coordinada en la regi\u00f3n de la Costa, logrando la detenci\u00f3n de una persona del sexo masculino identificado como R.R.L. o H.R.L., adem\u00e1s de asegurar drogas, cartuchos \u00fatiles y objetos constitutivos del delito.<\/p>\n\n\n\n<p>La movilizaci\u00f3n policial se efectu\u00f3 en un domicilio ubicado en la calle Parota del centro de la agencia municipal El Tomatal perteneciente al municipio de Santa Mar\u00eda Colotepec, donde se logr\u00f3 el aseguramiento de bolsas de hierba seca caracter\u00edstica a la marihuana as\u00ed como cartuchos \u00fatiles de diversos calibres de armas de fuego.<\/p>\n\n\n\n<p>Adem\u00e1s de la detenci\u00f3n de R.R.L. o H.R.L., quien fue puesto a disposici\u00f3n de la autoridad correspondiente para determinar su situaci\u00f3n legal.<\/p>\n\n\n\n<p>El operativo cont\u00f3 con la participaci\u00f3n crucial de Agentes Estatales de Investigaci\u00f3n (AEI) de Delitos de Alto Impacto y del grupo local de Puerto Escondido, bajo la supervisi\u00f3n de Agentes del Ministerio P\u00fablico de la Vicefiscal\u00eda Regional de la Costa.<\/p>\n\n\n\n<p>La seguridad perimetral fue efectuada por elementos de la Secretar\u00eda de la Defensa Nacional (Defensa), la Secretar\u00eda de Marina (Semar) y la Polic\u00eda Estatal, asegurando el correcto desarrollo del operativo.<\/p>\n\n\n\n<p>La persona detenida y los indicios asegurados fueron puestos a disposici\u00f3n de la autoridad ministerial correspondiente para continuar con la integraci\u00f3n de la carpeta de investigaci\u00f3n y determinar la situaci\u00f3n jur\u00eddica del detenido.<\/p>\n\n\n\n<p>&nbsp;EN ZAUTLA<\/p>\n\n\n\n<p>En otro caso, como parte de las labores de investigaci\u00f3n ministerial para el combate a delitos de alto impacto, la Fiscal\u00eda General ejecut\u00f3 una orden de cateo en la regi\u00f3n de los Valles Centrales, logrando el aseguramiento de autopartes, un veh\u00edculo y drogas.<\/p>\n\n\n\n<p>El operativo fue encabezado por elementos de la Agencia Estatal de Investigaciones (AEI) en coordinaci\u00f3n con la Secretar\u00eda de la Defensa Nacional (DEFENSA), Guardia Nacional y la Polic\u00eda Estatal.<\/p>\n\n\n\n<p>El mandato judicial se realiz\u00f3 en un inmueble ubicado en la localidad de Alem\u00e1n, perteneciente al municipio de San Andr\u00e9s Zautla, distrito de Etla, derivado de una carpeta de investigaci\u00f3n iniciada por la Vicefiscal\u00eda General de Control Regional, relacionada con el delito de desaparici\u00f3n de personas cometida por particulares.<\/p>\n\n\n\n<p>Durante la intervenci\u00f3n, los agentes aseguraron diversas autopartes de veh\u00edculos, as\u00ed como un autom\u00f3vil tipo Tsuru color azul. Adem\u00e1s, localizaron varias bolsas que conten\u00edan hierba seca con caracter\u00edsticas similares a la marihuana.<\/p>\n\n\n\n<p>Todos los objetos asegurados quedaron bajo resguardo ministerial y fueron puestos a disposici\u00f3n de la autoridad competente, como parte del proceso de investigaci\u00f3n.<\/p>\n","protected":false},"excerpt":{"rendered":"<p>Redacci\u00f3n\/Zona Roja. Oaxaca, Oax., a 11 de diciembre de 2025.-La Fiscal\u00eda General del Estado de&hellip;<\/p>\n","protected":false},"author":2,"featured_media":87888,"comment_status":"closed","ping_status":"open","sticky":false,"template":"","format":"standard","meta":{"_lmt_disableupdate":"","_lmt_disable":"","_jetpack_memberships_contains_paid_content":false,"footnotes":""},"categories":[109,46],"tags":[494],"class_list":["post-87887","post","type-post","status-publish","format-standard","has-post-thumbnail","hentry","category-minuto-a-minuto","category-zona-blanca","tag-fiscalia-general-del-estado-de-oaxaca"],"jetpack_featured_media_url":"https:\/\/zonaroja.com.mx\/wp-content\/uploads\/2025\/12\/Cateo-detenido-Costa-narcomenudeo.jpg","jetpack_sharing_enabled":true,"_links":{"self":[{"href":"https:\/\/zonaroja.com.mx\/index.php?rest_route=\/wp\/v2\/posts\/87887","targetHints":{"allow":["GET"]}}],"collection":[{"href":"https:\/\/zonaroja.com.mx\/index.php?rest_route=\/wp\/v2\/posts"}],"about":[{"href":"https:\/\/zonaroja.com.mx\/index.php?rest_route=\/wp\/v2\/types\/post"}],"author":[{"embeddable":true,"href":"https:\/\/zonaroja.com.mx\/index.php?rest_route=\/wp\/v2\/users\/2"}],"replies":[{"embeddable":true,"href":"https:\/\/zonaroja.com.mx\/index.php?rest_route=%2Fwp%2Fv2%2Fcomments&post=87887"}],"version-history":[{"count":1,"href":"https:\/\/zonaroja.com.mx\/index.php?rest_route=\/wp\/v2\/posts\/87887\/revisions"}],"predecessor-version":[{"id":87889,"href":"https:\/\/zonaroja.com.mx\/index.php?rest_route=\/wp\/v2\/posts\/87887\/revisions\/87889"}],"wp:featuredmedia":[{"embeddable":true,"href":"https:\/\/zonaroja.com.mx\/index.php?rest_route=\/wp\/v2\/media\/87888"}],"wp:attachment":[{"href":"https:\/\/zonaroja.com.mx\/index.php?rest_route=%2Fwp%2Fv2%2Fmedia&parent=87887"}],"wp:term":[{"taxonomy":"category","embeddable":true,"href":"https:\/\/zonaroja.com.mx\/index.php?rest_route=%2Fwp%2Fv2%2Fcategories&post=87887"},{"taxonomy":"post_tag","embeddable":true,"href":"https:\/\/zonaroja.com.mx\/index.php?rest_route=%2Fwp%2Fv2%2Ftags&post=87887"}],"curies":[{"name":"wp","href":"https:\/\/api.w.org\/{rel}","templated":true}]}}