{"id":87890,"date":"2025-12-11T12:15:00","date_gmt":"2025-12-11T18:15:00","guid":{"rendered":"https:\/\/zonaroja.com.mx\/?p=87890"},"modified":"2025-12-11T07:45:15","modified_gmt":"2025-12-11T13:45:15","slug":"arrancan-mas-obras-de-infraestructura-educativa-y-de-servicios-en-xoxocotlan","status":"publish","type":"post","link":"https:\/\/zonaroja.com.mx\/?p=87890","title":{"rendered":"Arrancan m\u00e1s obras de infraestructura educativa y de servicios en Xoxocotl\u00e1n\u00a0"},"content":{"rendered":"\n<p>Redacci\u00f3n\/Zona Roja.<\/p>\n\n\n\n<p>Oaxaca, Oax., a 11 de diciembre de 2025.\u2013 Con el prop\u00f3sito de atender necesidades planteadas por la ciudadan\u00eda, el ayuntamiento de Santa Cruz Xoxocotl\u00e1n puso en marcha 14 obras que beneficiar\u00e1n a m\u00e1s de dos mil 600 xoxe\u00f1as, xoxe\u00f1os y alumnado.<\/p>\n\n\n\n<p>La presidenta municipal, Nancy Ben\u00edtez Z\u00e1rate, destac\u00f3 que cada obra fortalecer\u00e1 servicios b\u00e1sicos y renovar\u00e1&nbsp;espacios educativos, producto del di\u00e1logo directo con la ciudadan\u00eda.<\/p>\n\n\n\n<p>En la agencia municipal de Esquipulas comenz\u00f3 la construcci\u00f3n del techado del Cecyte Plantel 29, una mejora esperada para que estudiantes y docentes puedan realizar actividades con comodidad.<\/p>\n\n\n\n<p>La edil reconoci\u00f3 el apoyo del Gobernador del Estado, Salom\u00f3n Jara para conjuntar esfuerzos por la mejora de infraestructura educativa en la ciudad de Xoxocotl\u00e1n.<\/p>\n\n\n\n<p>Precis\u00f3 que se edificar\u00e1n cuatro aulas en distintos niveles educativos en las primarias 21 de Agosto de la colonia Monte Bello y Ra\u00fal Bola\u00f1os Cacho&nbsp;&nbsp;Guendulain de la Reforma Agraria, as\u00ed como en la Telesecundaria de Los \u00c1ngeles y en la Secundaria Federal 124.<\/p>\n\n\n\n<p>Acompa\u00f1ada del titular del Instituto Oaxaque\u00f1o de Construcci\u00f3n de Infraestructura Educativa (IOCIED), Alejandro L\u00f3pez Jarqu\u00edn, la presidenta Nancy Ben\u00edtez dio el banderazo de inicio a los trabajos de impermeabilizaci\u00f3n en el Jard\u00edn de Ni\u00f1os Estefan\u00eda Casta\u00f1eda y la construcci\u00f3n de nuevos sanitarios en la Primaria Melchor Ocampo, obras que buscan brindar espacios m\u00e1s seguros y dignos para la ni\u00f1ez xoxe\u00f1a.<\/p>\n\n\n\n<p>Tambi\u00e9n inici\u00f3 acciones para mejorar la salud p\u00fablica y el acceso al agua con la construcci\u00f3n y ampliaci\u00f3n de redes de drenaje en Jardines de Monte Alb\u00e1n, El Bosque y La Crucecita, as\u00ed como la rehabilitaci\u00f3n del sistema en la colonia Del Valle, atendiendo problemas que afectaban a cientos de familias.<\/p>\n\n\n\n<p>Por otra parte, en la colonia Emiliano Zapata comenz\u00f3 la construcci\u00f3n de la nueva red de agua entubada, un proyecto que mejorar\u00e1 el abasto y dar\u00e1 mayor certeza a la comunidad.<\/p>\n\n\n\n<p>Para reforzar la movilidad y seguridad, se puso en marcha la instalaci\u00f3n de alumbrado p\u00fablico en la Segunda Ampliaci\u00f3n del Parag\u00fcito y la pavimentaci\u00f3n con concreto hidr\u00e1ulico en la colonia La Loma.<\/p>\n\n\n\n<p>Al finalizar la jornada, la presidenta municipal subray\u00f3 que estas obras no son n\u00fameros, sino soluciones que la gente hab\u00eda pedido con insistencia: \u201cEscuchar a nuestras comunidades nos permite trabajar donde m\u00e1s se necesita. Hoy sembramos mejoras que van a acompa\u00f1ar a nuestras familias por muchos a\u00f1os\u201d, expres\u00f3.<\/p>\n","protected":false},"excerpt":{"rendered":"<p>Redacci\u00f3n\/Zona Roja. Oaxaca, Oax., a 11 de diciembre de 2025.\u2013 Con el prop\u00f3sito de atender&hellip;<\/p>\n","protected":false},"author":2,"featured_media":87891,"comment_status":"closed","ping_status":"open","sticky":false,"template":"","format":"standard","meta":{"_lmt_disableupdate":"","_lmt_disable":"","_jetpack_memberships_contains_paid_content":false,"footnotes":""},"categories":[109,46],"tags":[3376,133],"class_list":["post-87890","post","type-post","status-publish","format-standard","has-post-thumbnail","hentry","category-minuto-a-minuto","category-zona-blanca","tag-nancy-benitez","tag-santa-cruz-xoxocotlan"],"jetpack_featured_media_url":"https:\/\/zonaroja.com.mx\/wp-content\/uploads\/2025\/12\/Arrancan-mas-obras-de-infraestructura-educativa-y-servicios-en-Santa-Cruz-Xoxocotlan-3.jpeg","jetpack_sharing_enabled":true,"_links":{"self":[{"href":"https:\/\/zonaroja.com.mx\/index.php?rest_route=\/wp\/v2\/posts\/87890","targetHints":{"allow":["GET"]}}],"collection":[{"href":"https:\/\/zonaroja.com.mx\/index.php?rest_route=\/wp\/v2\/posts"}],"about":[{"href":"https:\/\/zonaroja.com.mx\/index.php?rest_route=\/wp\/v2\/types\/post"}],"author":[{"embeddable":true,"href":"https:\/\/zonaroja.com.mx\/index.php?rest_route=\/wp\/v2\/users\/2"}],"replies":[{"embeddable":true,"href":"https:\/\/zonaroja.com.mx\/index.php?rest_route=%2Fwp%2Fv2%2Fcomments&post=87890"}],"version-history":[{"count":1,"href":"https:\/\/zonaroja.com.mx\/index.php?rest_route=\/wp\/v2\/posts\/87890\/revisions"}],"predecessor-version":[{"id":87892,"href":"https:\/\/zonaroja.com.mx\/index.php?rest_route=\/wp\/v2\/posts\/87890\/revisions\/87892"}],"wp:featuredmedia":[{"embeddable":true,"href":"https:\/\/zonaroja.com.mx\/index.php?rest_route=\/wp\/v2\/media\/87891"}],"wp:attachment":[{"href":"https:\/\/zonaroja.com.mx\/index.php?rest_route=%2Fwp%2Fv2%2Fmedia&parent=87890"}],"wp:term":[{"taxonomy":"category","embeddable":true,"href":"https:\/\/zonaroja.com.mx\/index.php?rest_route=%2Fwp%2Fv2%2Fcategories&post=87890"},{"taxonomy":"post_tag","embeddable":true,"href":"https:\/\/zonaroja.com.mx\/index.php?rest_route=%2Fwp%2Fv2%2Ftags&post=87890"}],"curies":[{"name":"wp","href":"https:\/\/api.w.org\/{rel}","templated":true}]}}