{"id":87898,"date":"2025-12-11T17:29:24","date_gmt":"2025-12-11T23:29:24","guid":{"rendered":"https:\/\/zonaroja.com.mx\/?p=87898"},"modified":"2025-12-11T19:59:47","modified_gmt":"2025-12-12T01:59:47","slug":"anuncia-el-iago-a-ganadores-y-seleccionados-de-la-quinta-bienal-internacional-de-cartel-oaxaca","status":"publish","type":"post","link":"https:\/\/zonaroja.com.mx\/?p=87898","title":{"rendered":"Anuncia el IAGO a ganadores y seleccionados de la quinta Bienal Internacional de Cartel Oaxaca&nbsp;"},"content":{"rendered":"\n<p>Lisbeth Mej\u00eda Reyes\/Zona Roja.&nbsp;<\/p>\n\n\n\n<p>Oaxaca, Oax., a 11 de diciembre de 2025. El Instituto de Artes Gr\u00e1ficas de Oaxaca (IAGO) anunci\u00f3 este mi\u00e9rcoles a las y los ganadores, as\u00ed como seleccionados, de la quinta Bienal Internacional de Cartel Oaxaca, certamen fundado en 2014 por el fallecido artista Francisco Toledo.<\/p>\n\n\n\n<p>En esta edici\u00f3n, en la que se recibieron m\u00e1s de mil carteles, el primer lugar es para Bel\u00e9n Itzel Nopal Alvarado; el segundo para Rodolfo de Jes\u00fas Pizano Monroy y el tercero corresponde a Francisco Villanueva. Adem\u00e1s, el jurado otorg\u00f3 una menci\u00f3n honor\u00edfica para Luis David Moguel R\u00edos.<\/p>\n\n\n\n<p>La tem\u00e1tica del concurso fue la salud mental y adem\u00e1s de los ganadores y la menci\u00f3n honor\u00edfica, se seleccionaron otros carteles m\u00e1s para la exposici\u00f3n que se presentar\u00e1 en el 2026 en el IAGO y en el Museo Nacional de la Estampa (MUNAE).&nbsp;<\/p>\n\n\n\n<p>Las y los carteles seleccionados para las exposiciones son los de los siguientes participantes: Oswaldo Pineda Ju\u00e1rez, Blanca Elizabeth Mart\u00ednez Castillo, Alejandra C\u00e9spedes C\u00e1rdenas, Daniel Hernandez Mendez, Ra\u00fal Nieto Guridi, Paola Lizette Apresa M\u00e9ndez, Dorian Guillermo Lopez Fernandez, Goyen Chen, Erick Ginard, Katherine R. Paz, Vania Garc\u00eda de la Cadena R\u00e1bago, Luis Fernando Safa Herrera, Emmanuel Tan\u00fas, Guadalupe Bautista Dom\u00ednguez, Christopher Roberto Cisneros Franco, Fausto Zadkiel G\u00e1lvez Santos, Katherine Rodriguez Paz y Azul Stephanie S\u00e1nchez Mart\u00ednez.<\/p>\n\n\n\n<p>Asimismo, Diego Misael Mor\u00e1n Carrizal, Katia Seichel Portillo Amaya, Paloma Jazmin Castro Veristain, Alvaro Oseguera Carrillo, Alejandro Bada Zepeda, Amira Puig, Joan Xavier V\u00e1zquez Acosta, Jie-Fei Yang, Diego Gustavo Tiguila Cruz, Christopher Artuto Sanchez Sanchez, Jorge Eduardo Gamboa Torres, V\u00edctor Manuel Santos Gally, Eduardo Davit, David Daniel \u00c1lvarez Hern\u00e1ndez, Sergio Duran Alp\u00edzar, Patryk Slowinski, Joseline Ximena Valencia Encarnacion, Juli\u00e1n Guerrero Calder\u00f3n.<\/p>\n\n\n\n<p>El jurado estuvo integrado por Ver\u00f3nica Monsiv\u00e1is, Natalia de la Rosa, Maru Calva, Carlos Franco y Renato Aranda.<\/p>\n\n\n\n<p>Instaurada en 2014 por el artista Francisco Toledo, la Bienal Internacional de Cartel Oaxaca surgi\u00f3 como \u00abun acto de memoria y denuncia tras la desaparici\u00f3n de los 43 estudiantes de Ayotzinapa\u00bb, explic\u00f3 el IAGO.<\/p>\n\n\n\n<p>Esta edici\u00f3n est\u00e1 dedicada al tema de la salud mental y se recibieron m\u00e1s de mil carteles de aproximadamente 800 creadores inscritos.<\/p>\n\n\n\n<p>En las ediciones previas, los temas han sido sobre la soberan\u00eda alimentaria, el agua y el racismo y la represi\u00f3n.<\/p>\n","protected":false},"excerpt":{"rendered":"<p>Lisbeth Mej\u00eda Reyes\/Zona Roja.&nbsp; Oaxaca, Oax., a 11 de diciembre de 2025. El Instituto de&hellip;<\/p>\n","protected":false},"author":2,"featured_media":87905,"comment_status":"closed","ping_status":"open","sticky":false,"template":"","format":"standard","meta":{"_lmt_disableupdate":"","_lmt_disable":"","_jetpack_memberships_contains_paid_content":false,"footnotes":""},"categories":[109,46],"tags":[],"class_list":["post-87898","post","type-post","status-publish","format-standard","has-post-thumbnail","hentry","category-minuto-a-minuto","category-zona-blanca"],"jetpack_featured_media_url":"https:\/\/zonaroja.com.mx\/wp-content\/uploads\/2025\/12\/IAGO-Bienal-de-carteles.jpg","jetpack_sharing_enabled":true,"_links":{"self":[{"href":"https:\/\/zonaroja.com.mx\/index.php?rest_route=\/wp\/v2\/posts\/87898","targetHints":{"allow":["GET"]}}],"collection":[{"href":"https:\/\/zonaroja.com.mx\/index.php?rest_route=\/wp\/v2\/posts"}],"about":[{"href":"https:\/\/zonaroja.com.mx\/index.php?rest_route=\/wp\/v2\/types\/post"}],"author":[{"embeddable":true,"href":"https:\/\/zonaroja.com.mx\/index.php?rest_route=\/wp\/v2\/users\/2"}],"replies":[{"embeddable":true,"href":"https:\/\/zonaroja.com.mx\/index.php?rest_route=%2Fwp%2Fv2%2Fcomments&post=87898"}],"version-history":[{"count":1,"href":"https:\/\/zonaroja.com.mx\/index.php?rest_route=\/wp\/v2\/posts\/87898\/revisions"}],"predecessor-version":[{"id":87899,"href":"https:\/\/zonaroja.com.mx\/index.php?rest_route=\/wp\/v2\/posts\/87898\/revisions\/87899"}],"wp:featuredmedia":[{"embeddable":true,"href":"https:\/\/zonaroja.com.mx\/index.php?rest_route=\/wp\/v2\/media\/87905"}],"wp:attachment":[{"href":"https:\/\/zonaroja.com.mx\/index.php?rest_route=%2Fwp%2Fv2%2Fmedia&parent=87898"}],"wp:term":[{"taxonomy":"category","embeddable":true,"href":"https:\/\/zonaroja.com.mx\/index.php?rest_route=%2Fwp%2Fv2%2Fcategories&post=87898"},{"taxonomy":"post_tag","embeddable":true,"href":"https:\/\/zonaroja.com.mx\/index.php?rest_route=%2Fwp%2Fv2%2Ftags&post=87898"}],"curies":[{"name":"wp","href":"https:\/\/api.w.org\/{rel}","templated":true}]}}