{"id":87900,"date":"2025-12-11T19:01:35","date_gmt":"2025-12-12T01:01:35","guid":{"rendered":"https:\/\/zonaroja.com.mx\/?p=87900"},"modified":"2025-12-11T19:01:37","modified_gmt":"2025-12-12T01:01:37","slug":"se-queja-china-de-los-aranceles-que-le-impuso-mexico","status":"publish","type":"post","link":"https:\/\/zonaroja.com.mx\/?p=87900","title":{"rendered":"Se queja China de los aranceles que le impuso M\u00e9xico"},"content":{"rendered":"\n<p>Redacci\u00f3n\/Zona Roja Cdmx.<\/p>\n\n\n\n<p>(Informaci\u00f3n de Infobae M\u00e9xico)<\/p>\n\n\n\n<p>Ciudad de M\u00e9xico, a 11 de diciembre de 2025.- Luego que el Congreso mexicano aprob\u00f3 reformas arancelarias con el objetivo de proteger y fomentar a la industria nacional, el&nbsp;Ministerio de Comercio de China&nbsp;solicit\u00f3 a M\u00e9xico corregir estas medidas, pues consider\u00f3 que van contra la tendencia de la globalizaci\u00f3n.<\/p>\n\n\n\n<p>El gobierno del gigante asi\u00e1tico apunt\u00f3 que las recientes medidas arancelarias implementadas por&nbsp;M\u00e9xico&nbsp;sobre importaciones provenientes de pa\u00edses sin tratados de libre comercio, entre ellos China, podr\u00edan tener un impacto considerable en los intereses comerciales bilaterales.<\/p>\n\n\n\n<p>Seg\u00fan un comunicado oficial, la autoridad china anunci\u00f3 que&nbsp;vigilar\u00e1 de cerca&nbsp;la aplicaci\u00f3n de este nuevo r\u00e9gimen y evaluar\u00e1 sus consecuencias para el intercambio entre ambos pa\u00edses.<\/p>\n\n\n\n<p>\u201cNO ES CHINA\u201d<\/p>\n\n\n\n<p>Por su parte, la presidenta de M\u00e9xico, Claudia Sheinbaum Pardo, asegur\u00f3 en la conferencia ma\u00f1anera de este 11 de diciembre que la reforma est\u00e1 dise\u00f1ada para los pa\u00edses con los cuales nuestra naci\u00f3n no cuenta con un tratado de libre comercio, y descart\u00f3 que se trate de un caso en particular.<\/p>\n\n\n\n<p>\u201cNo es a China, no est\u00e1 dirigido a China, eso es muy importante. Es a los pa\u00edses con los que no tenemos Tratado Comercial, porque si no, parece que es un asunto en donde M\u00e9xico le est\u00e1 poniendo restricciones al comercio. No\u201d, asegur\u00f3 Sheinbaum desde Palacio Nacional.<\/p>\n\n\n\n<p>La mandataria mexicana apunt\u00f3 que la reforma para aumentar los aranceles a los productos, principalmente asi\u00e1ticos, tiene como objetivo consolidar al Plan M\u00e9xico.<\/p>\n\n\n\n<p>Con esta estrategia, Sheinbaum busca reactivar a la industria mexicana y a trav\u00e9s de la inversi\u00f3n reactivar la econom\u00eda y los empleos en nuestro pa\u00eds.<\/p>\n\n\n\n<p>\u201c\u00bfQu\u00e9 estrategia es? Que se produzca m\u00e1s en M\u00e9xico\u00bb, se\u00f1al\u00f3 la titular del Ejecutivo.<\/p>\n\n\n\n<p>Sin embargo, precis\u00f3 que la reforma fue estudiada junto a los grupos empresariales para determinar el posible impacto de un alza en los aranceles. Fue as\u00ed como la reforma aprobada esta semana en las C\u00e1maras de Diputados y Senadores las tasas fueron modificadas a la baja.<\/p>\n\n\n\n<p>\u201cLos propios empresarios nos dijeron, no solo mexicanos, empresas tambi\u00e9n internacionales que est\u00e1n en M\u00e9xico, donde nos dijeron que \u201csi se pon\u00edan tantos aranceles, iba a afectar al precio de los productos en nuestro pa\u00eds\u201d. Entonces, se fue disminuyendo de manera muy importante\u00bb, se\u00f1al\u00f3 la jefa del Estado mexicano.<\/p>\n\n\n\n<p>En la declaraci\u00f3n difundida este jueves, el Ministerio de Comercio de Beijing, subray\u00f3 que, una vez en vigor, estas disposiciones \u201csocavar\u00e1n sustancialmente\u201d los intereses del comercio, en referencia directa a los efectos negativos que anticipa para las relaciones econ\u00f3micas.<\/p>\n\n\n\n<p>Adem\u00e1s, la cartera comercial reiter\u00f3 su postura tradicional frente a este tipo de medidas.<\/p>\n\n\n\n<p>\u201cChina siempre se ha opuesto a toda forma de aumento unilateral de aranceles y espera que M\u00e9xico corrija cuanto antes tales pr\u00e1cticas unilateralistas y proteccionistas\u201d, apunt\u00f3 el Ministerio.<\/p>\n\n\n\n<p>La decisi\u00f3n de M\u00e9xico de imponer aranceles a productos de naciones con las que no mantiene acuerdos de libre comercio ha generado inquietud en Beijing, que considera que este tipo de acciones pueden afectar la din\u00e1mica de exportaciones e importaciones entre ambos pa\u00edses.<\/p>\n","protected":false},"excerpt":{"rendered":"<p>Redacci\u00f3n\/Zona Roja Cdmx. (Informaci\u00f3n de Infobae M\u00e9xico) Ciudad de M\u00e9xico, a 11 de diciembre de&hellip;<\/p>\n","protected":false},"author":2,"featured_media":87901,"comment_status":"closed","ping_status":"open","sticky":false,"template":"","format":"standard","meta":{"_lmt_disableupdate":"","_lmt_disable":"","_jetpack_memberships_contains_paid_content":false,"footnotes":""},"categories":[109,47],"tags":[],"class_list":["post-87900","post","type-post","status-publish","format-standard","has-post-thumbnail","hentry","category-minuto-a-minuto","category-zona-gris"],"jetpack_featured_media_url":"https:\/\/zonaroja.com.mx\/wp-content\/uploads\/2025\/12\/aranceles-china-mexico.webp","jetpack_sharing_enabled":true,"_links":{"self":[{"href":"https:\/\/zonaroja.com.mx\/index.php?rest_route=\/wp\/v2\/posts\/87900","targetHints":{"allow":["GET"]}}],"collection":[{"href":"https:\/\/zonaroja.com.mx\/index.php?rest_route=\/wp\/v2\/posts"}],"about":[{"href":"https:\/\/zonaroja.com.mx\/index.php?rest_route=\/wp\/v2\/types\/post"}],"author":[{"embeddable":true,"href":"https:\/\/zonaroja.com.mx\/index.php?rest_route=\/wp\/v2\/users\/2"}],"replies":[{"embeddable":true,"href":"https:\/\/zonaroja.com.mx\/index.php?rest_route=%2Fwp%2Fv2%2Fcomments&post=87900"}],"version-history":[{"count":1,"href":"https:\/\/zonaroja.com.mx\/index.php?rest_route=\/wp\/v2\/posts\/87900\/revisions"}],"predecessor-version":[{"id":87902,"href":"https:\/\/zonaroja.com.mx\/index.php?rest_route=\/wp\/v2\/posts\/87900\/revisions\/87902"}],"wp:featuredmedia":[{"embeddable":true,"href":"https:\/\/zonaroja.com.mx\/index.php?rest_route=\/wp\/v2\/media\/87901"}],"wp:attachment":[{"href":"https:\/\/zonaroja.com.mx\/index.php?rest_route=%2Fwp%2Fv2%2Fmedia&parent=87900"}],"wp:term":[{"taxonomy":"category","embeddable":true,"href":"https:\/\/zonaroja.com.mx\/index.php?rest_route=%2Fwp%2Fv2%2Fcategories&post=87900"},{"taxonomy":"post_tag","embeddable":true,"href":"https:\/\/zonaroja.com.mx\/index.php?rest_route=%2Fwp%2Fv2%2Ftags&post=87900"}],"curies":[{"name":"wp","href":"https:\/\/api.w.org\/{rel}","templated":true}]}}