{"id":87906,"date":"2025-12-11T21:42:07","date_gmt":"2025-12-12T03:42:07","guid":{"rendered":"https:\/\/zonaroja.com.mx\/?p=87906"},"modified":"2025-12-11T21:42:09","modified_gmt":"2025-12-12T03:42:09","slug":"conmemoran-38-anos-del-centro-historico-de-oaxaca-como-patrimonio-mundial","status":"publish","type":"post","link":"https:\/\/zonaroja.com.mx\/?p=87906","title":{"rendered":"Conmemoran 38 a\u00f1os del Centro Hist\u00f3rico de Oaxaca como patrimonio mundial"},"content":{"rendered":"\n<p>Lisbeth Mej\u00eda Reyes\/Zona Roja.<\/p>\n\n\n\n<p>Oaxaca, Oax., a 11 de diciembre de 2025.- El ayuntamiento de Oaxaca de Ju\u00e1rez conmemor\u00f3 este jueves el 38 aniversario de la declaratoria conjunta del Centro Hist\u00f3rico de Oaxaca como patrimonio mundial por parte de la Organizaci\u00f3n de las Naciones Unidas para la Educaci\u00f3n, la Ciencia y la Cultura (UNESCO).<\/p>\n\n\n\n<p>Con una ceremonia junto al templo y ex convento de Santo Domingo de Guzm\u00e1n y en presencia de autoridades del estado y del gobierno federal, el edil Raymundo Chagoya Villanueva destac\u00f3 que aunque esta fecha es de celebraci\u00f3n tambi\u00e9n lo es para reflexionar sobre el futuro de esta zona.<\/p>\n\n\n\n<p>\u00abUna reflexi\u00f3n de qu\u00e9 queremos para nuestro Centro Hist\u00f3rico, c\u00f3mo lo queremos y tambi\u00e9n de qu\u00e9 legado ser\u00e1 para las siguientes generaciones\u00bb, expres\u00f3 el concejal, al recordar que fue el 11 de diciembre de 1987 cuando el centro hist\u00f3rico de la ciudad y la zona arqueol\u00f3gica de Monte Alb\u00e1n obtuvieron este reconocimiento compartido.<\/p>\n\n\n\n<p>Pese a los retos, el Centro Hist\u00f3rico de Oaxaca se ha conservado, apunt\u00f3 el edil, al tiempo de se\u00f1alar que con miras a los 40 a\u00f1os de la declaratoria (en 2027) se crear\u00e1 una comisi\u00f3n especial con el gobierno estatal y la federaci\u00f3n para celebrarlo.<\/p>\n\n\n\n<p>Para honrar este legado como patrimonio mundial, pero tambi\u00e9n en beneficio de toda la capital, el presidente municipal se\u00f1al\u00f3 que desde su administraci\u00f3n se trabaja con responsabilidad por una ciudad limpia, segura y en orden.&nbsp;<\/p>\n\n\n\n<p>En ese tenor, Chagoya Villanueva destac\u00f3 la importancia de la participaci\u00f3n ciudadana para proteger al centro hist\u00f3rico y a toda la capital.<\/p>\n\n\n\n<p>\u00abOaxaca es patrimonio mundial porque guarda memoria, porque tiene presente y porque tenemos mucho futuro. Nuestro deber es asegurar ese futuro luminoso para nuestros monumentos hist\u00f3ricos, para nuestra ciudad patrimonio. Que nuestras ni\u00f1as y ni\u00f1os hereden una capital viva, una capital con mucha historia, con mucha cultura\u00bb, fue el llamado del concejal.<\/p>\n\n\n\n<p>El edil reiter\u00f3 que tambi\u00e9n es necesario unir esfuerzos para preservar la zona arqueol\u00f3gica de Monte Alb\u00e1n, con la que se comparte la declaratoria.<\/p>\n\n\n\n<p>Tras la ceremonia, el ayuntamiento capitalino y las autoridades invitadas montaron una guardia de honor junto a la placa conmemorativa de la declaratoria.<\/p>\n\n\n\n<figure class=\"wp-block-embed is-type-rich is-provider-twitter wp-block-embed-twitter\"><div class=\"wp-block-embed__wrapper\">\n<div class=\"twitter-tweet\"><blockquote class=\"twitter-tweet\" data-lang=\"es\"><p lang=\"es\" dir=\"ltr\">A un costado del templo de Santo Domingo de Guzm\u00e1n y de la placa alusiva, el presidente municipal de Oaxaca de Ju\u00e1rez, <a href=\"https:\/\/twitter.com\/raychagoya?ref_src=twsrc%5Etfw\">@RayChagoya<\/a>, presidi\u00f3 la ceremonia por el 38 aniversario de la declaratoria del Centro Hist\u00f3rico de la capital y de Monte Alb\u00e1n como Patrimonio Mundial de la\u2026 <a href=\"https:\/\/t.co\/wZ9cQjuLyR\">pic.twitter.com\/wZ9cQjuLyR<\/a><\/p>&mdash; Zona Roja Oaxaca (@ZonaRoja_Oaxaca) <a href=\"https:\/\/twitter.com\/ZonaRoja_Oaxaca\/status\/1999219023880573038?ref_src=twsrc%5Etfw\">11 de diciembre de 2025<\/a><\/blockquote><\/div>\n<\/div><\/figure>\n","protected":false},"excerpt":{"rendered":"<p>Lisbeth Mej\u00eda Reyes\/Zona Roja. Oaxaca, Oax., a 11 de diciembre de 2025.- El ayuntamiento de&hellip;<\/p>\n","protected":false},"author":2,"featured_media":87907,"comment_status":"closed","ping_status":"open","sticky":false,"template":"","format":"standard","meta":{"_lmt_disableupdate":"","_lmt_disable":"","_jetpack_memberships_contains_paid_content":false,"footnotes":""},"categories":[109,46],"tags":[148,4403],"class_list":["post-87906","post","type-post","status-publish","format-standard","has-post-thumbnail","hentry","category-minuto-a-minuto","category-zona-blanca","tag-oaxaca-de-juarez","tag-ray-chagoya"],"jetpack_featured_media_url":"https:\/\/zonaroja.com.mx\/wp-content\/uploads\/2025\/12\/Ceremonia-Patrimonio-de-la-humanidad-Oaxaca.jpg","jetpack_sharing_enabled":true,"_links":{"self":[{"href":"https:\/\/zonaroja.com.mx\/index.php?rest_route=\/wp\/v2\/posts\/87906","targetHints":{"allow":["GET"]}}],"collection":[{"href":"https:\/\/zonaroja.com.mx\/index.php?rest_route=\/wp\/v2\/posts"}],"about":[{"href":"https:\/\/zonaroja.com.mx\/index.php?rest_route=\/wp\/v2\/types\/post"}],"author":[{"embeddable":true,"href":"https:\/\/zonaroja.com.mx\/index.php?rest_route=\/wp\/v2\/users\/2"}],"replies":[{"embeddable":true,"href":"https:\/\/zonaroja.com.mx\/index.php?rest_route=%2Fwp%2Fv2%2Fcomments&post=87906"}],"version-history":[{"count":1,"href":"https:\/\/zonaroja.com.mx\/index.php?rest_route=\/wp\/v2\/posts\/87906\/revisions"}],"predecessor-version":[{"id":87908,"href":"https:\/\/zonaroja.com.mx\/index.php?rest_route=\/wp\/v2\/posts\/87906\/revisions\/87908"}],"wp:featuredmedia":[{"embeddable":true,"href":"https:\/\/zonaroja.com.mx\/index.php?rest_route=\/wp\/v2\/media\/87907"}],"wp:attachment":[{"href":"https:\/\/zonaroja.com.mx\/index.php?rest_route=%2Fwp%2Fv2%2Fmedia&parent=87906"}],"wp:term":[{"taxonomy":"category","embeddable":true,"href":"https:\/\/zonaroja.com.mx\/index.php?rest_route=%2Fwp%2Fv2%2Fcategories&post=87906"},{"taxonomy":"post_tag","embeddable":true,"href":"https:\/\/zonaroja.com.mx\/index.php?rest_route=%2Fwp%2Fv2%2Ftags&post=87906"}],"curies":[{"name":"wp","href":"https:\/\/api.w.org\/{rel}","templated":true}]}}