{"id":87909,"date":"2025-12-12T07:15:00","date_gmt":"2025-12-12T13:15:00","guid":{"rendered":"https:\/\/zonaroja.com.mx\/?p=87909"},"modified":"2025-12-12T06:38:06","modified_gmt":"2025-12-12T12:38:06","slug":"emiten-recomendacion-a-salina-cruz-por-muerte-de-andrea-tamara","status":"publish","type":"post","link":"https:\/\/zonaroja.com.mx\/?p=87909","title":{"rendered":"Emiten recomendaci\u00f3n a Salina Cruz por muerte de Andrea Tamara"},"content":{"rendered":"\n<p>Redacci\u00f3n\/Zona Roja.&nbsp;<\/p>\n\n\n\n<p>Oaxaca, Oax., a 12 de diciembre de 2025.- La Defensor\u00eda de los Derechos Humanos del Pueblo de Oaxaca (DDHPO) emiti\u00f3 la Recomendaci\u00f3n 23\/2025 tras analizar los hechos ocurridos en el municipio de Salina Cruz, el 13 de septiembre pasado, en que fue hallada sin vida una mujer detenida.<\/p>\n\n\n\n<p>Seg\u00fan el organismo, \u201cse identificaron elementos que permiten advertir posibles vulneraciones al derecho a la libertad personal, a la seguridad jur\u00eddica y a la integridad y seguridad personal en agravio de una mujer, as\u00ed como afectaciones a los derechos de sus familiares.<\/p>\n\n\n\n<p>Andrea Tamara B. A., fue detenida por presuntas faltas administrativas y llevados a los separos de la comandancia municipal; sin embargo, de acuerdo con un video difundido, utilizo su ropa para colgarse de los barrotes y quitarse la vida.&nbsp;<\/p>\n\n\n\n<p>Posteriormente, con la presentaci\u00f3n formal por parte de la v\u00edctima indirecta y tras las diligencias realizadas, la Defensor\u00eda advirti\u00f3 que la persona detenida fue ingresada a una celda sin que existiera constancia visual o auditiva que permitiera confirmar que se le informaron los motivos legales de su detenci\u00f3n o que se hubiese cumplido con los protocolos previstos para garantizar una audiencia ante la autoridad competente.&nbsp;<\/p>\n\n\n\n<p>Tampoco se cont\u00f3 con elementos que acreditaran que la mujer tuvo acceso a una defensa adecuada o que se hubiera facilitado su comunicaci\u00f3n con alg\u00fan familiar o representante.&nbsp;<\/p>\n\n\n\n<p>Estas omisiones, de acuerdo con la valoraci\u00f3n realizada por la instituci\u00f3n, generaron un escenario que compromete la legalidad del procedimiento administrativo y que coloca en riesgo el ejercicio de derechos fundamentales relacionados con la libertad personal y la seguridad jur\u00eddica<\/p>\n\n\n\n<p>La DDHPO destac\u00f3 que desde el momento en el que el Informe Policial Homologado fue recibido por una persona juzgadora c\u00edvica, reca\u00eda en dicha autoridad la responsabilidad de asegurar la apertura y conducci\u00f3n del procedimiento administrativo con apego a las formalidades esenciales previstas en el Reglamento de Justicia C\u00edvica, incluidas la escucha directa de la persona detenida y la garant\u00eda de su derecho de audiencia.&nbsp;<\/p>\n\n\n\n<p>Asimismo, la instituci\u00f3n se\u00f1al\u00f3 deficiencias en la certificaci\u00f3n m\u00e9dica, ya que en las videograbaciones disponibles no se observ\u00f3 ninguna valoraci\u00f3n al ingreso, y, pese a ello, el personal m\u00e9dico del juzgado c\u00edvico asent\u00f3 que la mujer se encontraba bajo el influjo de alcohol u otras sustancias sin que esto derivara en su canalizaci\u00f3n a un servicio de salud.&nbsp;<\/p>\n\n\n\n<p>Estas condiciones la colocaron en un nivel mayor de vulnerabilidad y evidencian la necesidad de garantizar que toda persona bajo custodia estatal cuente con una valoraci\u00f3n m\u00e9dica adecuada, independiente y oportuna.<\/p>\n\n\n\n<p>A partir de estos hallazgos, la Defensor\u00eda de los Derechos Humanos del Pueblo de Oaxaca dirigi\u00f3 la Recomendaci\u00f3n 23\/2025 al ayuntamiento de Salina Cruz, sugiriendo acciones encaminadas a avanzar hacia la reparaci\u00f3n integral y la no repetici\u00f3n.&nbsp;<\/p>\n\n\n\n<p>Entre las medidas propuestas se encuentran la inscripci\u00f3n de las v\u00edctimas indirectas en el Registro Estatal de V\u00edctimas y la provisi\u00f3n de atenci\u00f3n psicol\u00f3gica y tanatol\u00f3gica especializada y continua, conforme a lo establecido en la Ley de V\u00edctimas del Estado de Oaxaca.&nbsp;<\/p>\n\n\n\n<p>La instituci\u00f3n tambi\u00e9n consider\u00f3 necesario que se emita una circular interna mediante la cual se instruya a la Comisar\u00eda de Seguridad P\u00fablica a abstenerse de ingresar a personas detenidas en los separos sin haberlas puesto previamente, de manera formal y material, a disposici\u00f3n del Juzgado C\u00edvico Municipal.&nbsp;<\/p>\n\n\n\n<p>La recomendaci\u00f3n incluye adem\u00e1s la importancia de que la Comandancia Municipal cuente con un servicio m\u00e9dico encargado de evaluar a todas las personas aseguradas desde el momento de su ingreso.<\/p>\n","protected":false},"excerpt":{"rendered":"<p>Redacci\u00f3n\/Zona Roja.&nbsp; Oaxaca, Oax., a 12 de diciembre de 2025.- La Defensor\u00eda de los Derechos&hellip;<\/p>\n","protected":false},"author":2,"featured_media":84657,"comment_status":"closed","ping_status":"open","sticky":false,"template":"","format":"standard","meta":{"_lmt_disableupdate":"","_lmt_disable":"","_jetpack_memberships_contains_paid_content":false,"footnotes":""},"categories":[109,47],"tags":[4450,287,286],"class_list":["post-87909","post","type-post","status-publish","format-standard","has-post-thumbnail","hentry","category-minuto-a-minuto","category-zona-gris","tag-andrea-tamara-balderas-alegria","tag-ddhpo","tag-defensoria-de-los-derechos-humanos-del-pueblo-de-oaxaca"],"jetpack_featured_media_url":"https:\/\/zonaroja.com.mx\/wp-content\/uploads\/2025\/09\/Andrea-Tamara-Balderas-Alegria.jpeg","jetpack_sharing_enabled":true,"_links":{"self":[{"href":"https:\/\/zonaroja.com.mx\/index.php?rest_route=\/wp\/v2\/posts\/87909","targetHints":{"allow":["GET"]}}],"collection":[{"href":"https:\/\/zonaroja.com.mx\/index.php?rest_route=\/wp\/v2\/posts"}],"about":[{"href":"https:\/\/zonaroja.com.mx\/index.php?rest_route=\/wp\/v2\/types\/post"}],"author":[{"embeddable":true,"href":"https:\/\/zonaroja.com.mx\/index.php?rest_route=\/wp\/v2\/users\/2"}],"replies":[{"embeddable":true,"href":"https:\/\/zonaroja.com.mx\/index.php?rest_route=%2Fwp%2Fv2%2Fcomments&post=87909"}],"version-history":[{"count":1,"href":"https:\/\/zonaroja.com.mx\/index.php?rest_route=\/wp\/v2\/posts\/87909\/revisions"}],"predecessor-version":[{"id":87910,"href":"https:\/\/zonaroja.com.mx\/index.php?rest_route=\/wp\/v2\/posts\/87909\/revisions\/87910"}],"wp:featuredmedia":[{"embeddable":true,"href":"https:\/\/zonaroja.com.mx\/index.php?rest_route=\/wp\/v2\/media\/84657"}],"wp:attachment":[{"href":"https:\/\/zonaroja.com.mx\/index.php?rest_route=%2Fwp%2Fv2%2Fmedia&parent=87909"}],"wp:term":[{"taxonomy":"category","embeddable":true,"href":"https:\/\/zonaroja.com.mx\/index.php?rest_route=%2Fwp%2Fv2%2Fcategories&post=87909"},{"taxonomy":"post_tag","embeddable":true,"href":"https:\/\/zonaroja.com.mx\/index.php?rest_route=%2Fwp%2Fv2%2Ftags&post=87909"}],"curies":[{"name":"wp","href":"https:\/\/api.w.org\/{rel}","templated":true}]}}