{"id":8791,"date":"2020-02-15T07:37:33","date_gmt":"2020-02-15T13:37:33","guid":{"rendered":"http:\/\/www.zonaroja.com.mx\/?p=8791"},"modified":"2020-02-15T15:49:44","modified_gmt":"2020-02-15T21:49:44","slug":"insiste-senador-que-caso-maria-elena-lo-atraiga-fgr-por-incapacidad-en-oaxaca","status":"publish","type":"post","link":"https:\/\/zonaroja.com.mx\/?p=8791","title":{"rendered":"Insiste senador que caso Mar\u00eda Elena lo atraiga FGR, por incapacidad en Oaxaca"},"content":{"rendered":"\n<p>Redacci\u00f3n\/Zona Roja.<\/p>\n\n\n\n<p>Oaxaca de Ju\u00e1rez, Oax., 15 de febrero\nde 2020.- El vicepresidente de la Mesa Directiva del Senado de la Rep\u00fablica,\nSalom\u00f3n Jara Cruz, insisti\u00f3 en su llamado a la Fiscal\u00eda General de la Rep\u00fablica\n(FGR) para que atraiga el caso de Mar\u00eda Elena R\u00edos Ortiz.<\/p>\n\n\n\n<p>Ello ante lo que consider\u00f3 incapacidad\nde la Fiscal\u00eda General del Estado de Oaxaca para detener a todos los\nresponsables del intento de feminicidio del que fue v\u00edctima la joven en\nHuajuapan de Le\u00f3n, el pasado 19 de septiembre.<\/p>\n\n\n\n<p>En un comunicado, el integrante del\ngrupo parlamentario del Partido Morena en el Senado, se\u00f1al\u00f3 que \u201cla ominosa\nlentitud de la actuaci\u00f3n de la instituci\u00f3n encabezada por el Fiscal Rub\u00e9n\nVasconcelos M\u00e9ndez permiti\u00f3 la evasi\u00f3n de Juan Antonio Vera Carrizal, se\u00f1alado\npor la propia v\u00edctima como el autor intelectual del ataque con \u00e1cido que\nsufri\u00f3.<\/p>\n\n\n\n<p>\u201cLo decimos una vez m\u00e1s, la Fiscal\u00eda\nrecibi\u00f3 de la familia de Mar\u00eda Elena videos y copias de los mensajes de texto\nque conten\u00edan las amenazas de Vera Carrizal y no actu\u00f3 para impedir que se\nevadiera, lo que ha afectado el desarrollo de la investigaci\u00f3n y del juicio y\ncoloc\u00f3 en riesgo a la v\u00edctima y a su familia\u201d, acus\u00f3.<\/p>\n\n\n\n<p>Jara Cruz a\u00f1adi\u00f3 que en d\u00edas recientes\nse filtraron im\u00e1genes y textos que se encontraban en la carpeta de\ninvestigaci\u00f3n &#8211;bajo resguardo de la Fiscal\u00eda estatal&#8211; con la clara intenci\u00f3n\nde afectar la credibilidad de la v\u00edctima.<\/p>\n\n\n\n<p>\u201cEsta filtraci\u00f3n violenta una vez m\u00e1s\nlos derechos humanos de Mar\u00eda Elena R\u00edos, la revictimiza y afecta el debido\nproceso penal, y el fiscal simplemente declara que no sabe c\u00f3mo, ni cu\u00e1ndo ni\nqui\u00e9n realiz\u00f3 la filtraci\u00f3n\u201d, recrimin\u00f3.<\/p>\n\n\n\n<p>Dijo que las dos personas que fueron\ndetenidas, y que en audiencias p\u00fablicas admitieron la responsabilidad material,\nse\u00f1alaron a Vera Carrizal de haberles pagado para llevar a cabo el ataque con\n\u00e1cido.<\/p>\n\n\n\n<p>\u201cNo s\u00e9 que m\u00e1s necesita Vasconcelos\npara detener al responsable intelectual del intento de feminicidio contra Mar\u00eda\nElena R\u00edos\u2026 quiz\u00e1 que se entregu\u00e9 y confiese, y a\u00fan as\u00ed qui\u00e9n sabe si el fiscal\npueda lograr una condena de privaci\u00f3n de libertad\u201d, concluy\u00f3 el senador Salom\u00f3n\nJara Cruz.<\/p>\n","protected":false},"excerpt":{"rendered":"<p>Redacci\u00f3n\/Zona Roja. Oaxaca de Ju\u00e1rez, Oax., 15 de febrero de 2020.- El vicepresidente de la&hellip;<\/p>\n","protected":false},"author":2,"featured_media":8806,"comment_status":"closed","ping_status":"open","sticky":false,"template":"","format":"standard","meta":{"_lmt_disableupdate":"","_lmt_disable":"","_jetpack_memberships_contains_paid_content":false,"footnotes":""},"categories":[109,47],"tags":[494,1124],"class_list":["post-8791","post","type-post","status-publish","format-standard","has-post-thumbnail","hentry","category-minuto-a-minuto","category-zona-gris","tag-fiscalia-general-del-estado-de-oaxaca","tag-maria-elena-rios-ortiz"],"jetpack_featured_media_url":"https:\/\/zonaroja.com.mx\/wp-content\/uploads\/2020\/02\/img_9067.jpg","jetpack_sharing_enabled":true,"_links":{"self":[{"href":"https:\/\/zonaroja.com.mx\/index.php?rest_route=\/wp\/v2\/posts\/8791","targetHints":{"allow":["GET"]}}],"collection":[{"href":"https:\/\/zonaroja.com.mx\/index.php?rest_route=\/wp\/v2\/posts"}],"about":[{"href":"https:\/\/zonaroja.com.mx\/index.php?rest_route=\/wp\/v2\/types\/post"}],"author":[{"embeddable":true,"href":"https:\/\/zonaroja.com.mx\/index.php?rest_route=\/wp\/v2\/users\/2"}],"replies":[{"embeddable":true,"href":"https:\/\/zonaroja.com.mx\/index.php?rest_route=%2Fwp%2Fv2%2Fcomments&post=8791"}],"version-history":[{"count":1,"href":"https:\/\/zonaroja.com.mx\/index.php?rest_route=\/wp\/v2\/posts\/8791\/revisions"}],"predecessor-version":[{"id":8792,"href":"https:\/\/zonaroja.com.mx\/index.php?rest_route=\/wp\/v2\/posts\/8791\/revisions\/8792"}],"wp:featuredmedia":[{"embeddable":true,"href":"https:\/\/zonaroja.com.mx\/index.php?rest_route=\/wp\/v2\/media\/8806"}],"wp:attachment":[{"href":"https:\/\/zonaroja.com.mx\/index.php?rest_route=%2Fwp%2Fv2%2Fmedia&parent=8791"}],"wp:term":[{"taxonomy":"category","embeddable":true,"href":"https:\/\/zonaroja.com.mx\/index.php?rest_route=%2Fwp%2Fv2%2Fcategories&post=8791"},{"taxonomy":"post_tag","embeddable":true,"href":"https:\/\/zonaroja.com.mx\/index.php?rest_route=%2Fwp%2Fv2%2Ftags&post=8791"}],"curies":[{"name":"wp","href":"https:\/\/api.w.org\/{rel}","templated":true}]}}