{"id":87911,"date":"2025-12-12T08:29:00","date_gmt":"2025-12-12T14:29:00","guid":{"rendered":"https:\/\/zonaroja.com.mx\/?p=87911"},"modified":"2025-12-12T08:44:08","modified_gmt":"2025-12-12T14:44:08","slug":"aprueban-presupuesto-de-egresos-2026-para-la-capital-oaxaquena","status":"publish","type":"post","link":"https:\/\/zonaroja.com.mx\/?p=87911","title":{"rendered":"Aprueban presupuesto de egresos 2026 para la capital oaxaque\u00f1a\u00a0"},"content":{"rendered":"\n<p>Lisbeth Mej\u00eda Reyes\/Zona Roja.<\/p>\n\n\n\n<p>Oaxaca, Oax., a 12 de diciembre de 2025.- El cabildo de Oaxaca de Ju\u00e1rez aprob\u00f3 este jueves el Presupuesto de Egresos del ejercicio fiscal 2026. Es decir, el documento en el que se ha clasificado el gasto p\u00fablico municipal del siguiente a\u00f1o y que tambi\u00e9n se alinea con el proyecto de la Ley de Ingresos del pr\u00f3ximo a\u00f1o.<\/p>\n\n\n\n<p>La aprobaci\u00f3n del Presupuesto de Egresos 2026 fue durante una sesi\u00f3n extraordinaria y virtual, a unos d\u00edas de vencer el plazo para que tambi\u00e9n se turne al Congreso local y a la Auditor\u00eda Superior de Fiscalizaci\u00f3n del Estado de Oaxaca para su conocimiento y fiscalizaci\u00f3n.<\/p>\n\n\n\n<p>Aunque no se detall\u00f3 el monto de lo que gastar\u00e1 el ayuntamiento en el siguiente a\u00f1o, el presupuesto de egresos 2026 atiende los \u00abprincipios constitucionales de austeridad, planeaci\u00f3n, eficiencia, eficacia, econom\u00eda, transparencia y honradez\u00bb.&nbsp;<\/p>\n\n\n\n<p>As\u00ed se explic\u00f3 durante la lectura del punto de acuerdo propuesto por el presidente municipal, Raymundo Chagoya Villanueva y que tuvo el voto un\u00e1nime del cabildo.<\/p>\n\n\n\n<p>Para este a\u00f1o, el presupuesto de egresos vigente (2025) es de mil 926 millones 283 mil 179.93 pesos, por lo que se espera que el del 2026 sea similar o superior.<\/p>\n\n\n\n<p>Antes del presupuesto de egresos 2026, el pasado 27 de noviembre el Cabildo tambi\u00e9n aprob\u00f3 en sesi\u00f3n extraordinaria y virtual la Ley de Ingresos 2026, misma que fue turnada al congreso del estado y que se espera que sea aprobada pr\u00f3ximamente.<\/p>\n","protected":false},"excerpt":{"rendered":"<p>Lisbeth Mej\u00eda Reyes\/Zona Roja. Oaxaca, Oax., a 12 de diciembre de 2025.- El cabildo de&hellip;<\/p>\n","protected":false},"author":2,"featured_media":82479,"comment_status":"closed","ping_status":"open","sticky":false,"template":"","format":"standard","meta":{"_lmt_disableupdate":"","_lmt_disable":"","_jetpack_memberships_contains_paid_content":false,"footnotes":""},"categories":[109,46],"tags":[148],"class_list":["post-87911","post","type-post","status-publish","format-standard","has-post-thumbnail","hentry","category-minuto-a-minuto","category-zona-blanca","tag-oaxaca-de-juarez"],"jetpack_featured_media_url":"https:\/\/zonaroja.com.mx\/wp-content\/uploads\/2025\/07\/Raymundo-Chagoya.jpg","jetpack_sharing_enabled":true,"_links":{"self":[{"href":"https:\/\/zonaroja.com.mx\/index.php?rest_route=\/wp\/v2\/posts\/87911","targetHints":{"allow":["GET"]}}],"collection":[{"href":"https:\/\/zonaroja.com.mx\/index.php?rest_route=\/wp\/v2\/posts"}],"about":[{"href":"https:\/\/zonaroja.com.mx\/index.php?rest_route=\/wp\/v2\/types\/post"}],"author":[{"embeddable":true,"href":"https:\/\/zonaroja.com.mx\/index.php?rest_route=\/wp\/v2\/users\/2"}],"replies":[{"embeddable":true,"href":"https:\/\/zonaroja.com.mx\/index.php?rest_route=%2Fwp%2Fv2%2Fcomments&post=87911"}],"version-history":[{"count":1,"href":"https:\/\/zonaroja.com.mx\/index.php?rest_route=\/wp\/v2\/posts\/87911\/revisions"}],"predecessor-version":[{"id":87912,"href":"https:\/\/zonaroja.com.mx\/index.php?rest_route=\/wp\/v2\/posts\/87911\/revisions\/87912"}],"wp:featuredmedia":[{"embeddable":true,"href":"https:\/\/zonaroja.com.mx\/index.php?rest_route=\/wp\/v2\/media\/82479"}],"wp:attachment":[{"href":"https:\/\/zonaroja.com.mx\/index.php?rest_route=%2Fwp%2Fv2%2Fmedia&parent=87911"}],"wp:term":[{"taxonomy":"category","embeddable":true,"href":"https:\/\/zonaroja.com.mx\/index.php?rest_route=%2Fwp%2Fv2%2Fcategories&post=87911"},{"taxonomy":"post_tag","embeddable":true,"href":"https:\/\/zonaroja.com.mx\/index.php?rest_route=%2Fwp%2Fv2%2Ftags&post=87911"}],"curies":[{"name":"wp","href":"https:\/\/api.w.org\/{rel}","templated":true}]}}