{"id":87913,"date":"2025-12-12T09:14:00","date_gmt":"2025-12-12T15:14:00","guid":{"rendered":"https:\/\/zonaroja.com.mx\/?p=87913"},"modified":"2025-12-12T07:26:38","modified_gmt":"2025-12-12T13:26:38","slug":"abuelita-de-huajuapan-perdona-a-sus-agresores-y-le-devuelven-propiedad","status":"publish","type":"post","link":"https:\/\/zonaroja.com.mx\/?p=87913","title":{"rendered":"Abuelita de Huajuapan perdona a sus agresores y le devuelven propiedad"},"content":{"rendered":"\n<p>Raymundo Morales\/Zona Roja.<\/p>\n\n\n\n<p>Oaxaca, Oax., a 12 de diciembre de 2025.- Do\u00f1a Agelina Juana H. A. decidi\u00f3 perdonar a sus familiares agresores en Huajuapan de Le\u00f3n, y le regresaron su vivienda.<\/p>\n\n\n\n<p>Fue la ma\u00f1ana del 30 de septiembre pasado en que un grupo de encapuchados lleg\u00f3 al domicilio ubicado en la calle de Nuyoo, centro de dicho municipio de la regi\u00f3n Mixteca, y se apoderaron con violencia del inmueble.<\/p>\n\n\n\n<p>Presuntamente fue por \u00f3rdenes de la hija de la v\u00edctima, quien aseguraba que la propiedad era suya y por lo cual contrat\u00f3 a un grupo de choque, de afiliados a la agrupaci\u00f3n de transportistas del Frente Nacional Ind\u00edgena y Campesino (FNIC).<\/p>\n\n\n\n<p>Tras ello, intervinieron de inmediato polic\u00edas y personal de la Fiscal\u00eda General del Estado de Oaxaca, a trav\u00e9s de la Vicefiscal\u00eda Regional de la Mixteca, que lograron el aseguramiento de siete personas.<\/p>\n\n\n\n<p>Este jueves, la instituci\u00f3n de procuraci\u00f3n de justicia que dirige Bernardo Rodr\u00edguez Alamilla dio a conocer que, derivado de los procesos de investigaci\u00f3n y acompa\u00f1amiento, se coadyuv\u00f3 en la restituci\u00f3n provisional de un bien inmueble a una persona adulta mayor que hab\u00eda sido v\u00edctima del despojo de su domicilio.<\/p>\n\n\n\n<p>\u201cLa FGEO brinda acompa\u00f1amiento legal para la v\u00edctima en el proceso de procuraci\u00f3n de justicia, en el que devolvieron el uso provisional del inmueble ubicado en la calle Nuyoo, en el Centro de Huajuapan de Le\u00f3n, sitio al que acudi\u00f3 personal del Juzgado de Control del Circuito de la Mixteca del Tribunal Superior de Justicia de Oaxaca para dar cumplimiento a la orden legal\u201d, detall\u00f3.<\/p>\n\n\n\n<p>De acuerdo con la carpeta de investigaci\u00f3n, los hechos ocurrieron la ma\u00f1ana del martes 30 de septiembre de 2025, cuando un elemento de la polic\u00eda municipal report\u00f3 que un grupo de personas encapuchadas intentaba ingresar por la fuerza a una vivienda se\u00f1alada.<\/p>\n\n\n\n<p>Los agresores, armados con palos y machetes, rompieron los candados de un local comercial que daba acceso al domicilio y tomaron posesi\u00f3n parcial del lugar.<\/p>\n\n\n\n<p>Ante esta situaci\u00f3n, elementos de la Agencia Estatal de Investigaciones y de la polic\u00eda municipal detuvieron a siete personas. Asimismo, se inici\u00f3 la investigaci\u00f3n correspondiente por el delito de despojo agravado, a cargo de la Vicefiscal\u00eda Regional de la Mixteca.<\/p>\n\n\n\n<p>\u201cSin embargo, conforme a lo establecido por la ley, la v\u00edctima ejerci\u00f3 su derecho y decidi\u00f3 otorgar el perd\u00f3n legal a las personas que estaban vinculadas a proceso por este delito.&nbsp;<\/p>\n\n\n\n<p>\u201cEl perd\u00f3n legal es un acto mediante el cual la v\u00edctima extingue la acci\u00f3n penal en ciertos delitos perseguibles por querella \u2014no de oficio\u2014 y requiere la formalizaci\u00f3n ante el Ministerio P\u00fablico o un juez antes de la sentencia. Su regulaci\u00f3n se encuentra en el C\u00f3digo Penal Federal y en la legislaci\u00f3n local. No aplica en delitos graves o violentos contra grupos vulnerables, en los cuales prevalece el inter\u00e9s social\u201d, destac\u00f3 la Fiscal\u00eda.<\/p>\n","protected":false},"excerpt":{"rendered":"<p>Raymundo Morales\/Zona Roja. Oaxaca, Oax., a 12 de diciembre de 2025.- Do\u00f1a Agelina Juana H.&hellip;<\/p>\n","protected":false},"author":2,"featured_media":87917,"comment_status":"closed","ping_status":"open","sticky":false,"template":"","format":"standard","meta":{"_lmt_disableupdate":"","_lmt_disable":"","_jetpack_memberships_contains_paid_content":false,"footnotes":""},"categories":[109,46],"tags":[494],"class_list":["post-87913","post","type-post","status-publish","format-standard","has-post-thumbnail","hentry","category-minuto-a-minuto","category-zona-blanca","tag-fiscalia-general-del-estado-de-oaxaca"],"jetpack_featured_media_url":"https:\/\/zonaroja.com.mx\/wp-content\/uploads\/2025\/12\/Despojo-de-vivienda-Huajuapan-.jpg","jetpack_sharing_enabled":true,"_links":{"self":[{"href":"https:\/\/zonaroja.com.mx\/index.php?rest_route=\/wp\/v2\/posts\/87913","targetHints":{"allow":["GET"]}}],"collection":[{"href":"https:\/\/zonaroja.com.mx\/index.php?rest_route=\/wp\/v2\/posts"}],"about":[{"href":"https:\/\/zonaroja.com.mx\/index.php?rest_route=\/wp\/v2\/types\/post"}],"author":[{"embeddable":true,"href":"https:\/\/zonaroja.com.mx\/index.php?rest_route=\/wp\/v2\/users\/2"}],"replies":[{"embeddable":true,"href":"https:\/\/zonaroja.com.mx\/index.php?rest_route=%2Fwp%2Fv2%2Fcomments&post=87913"}],"version-history":[{"count":2,"href":"https:\/\/zonaroja.com.mx\/index.php?rest_route=\/wp\/v2\/posts\/87913\/revisions"}],"predecessor-version":[{"id":87919,"href":"https:\/\/zonaroja.com.mx\/index.php?rest_route=\/wp\/v2\/posts\/87913\/revisions\/87919"}],"wp:featuredmedia":[{"embeddable":true,"href":"https:\/\/zonaroja.com.mx\/index.php?rest_route=\/wp\/v2\/media\/87917"}],"wp:attachment":[{"href":"https:\/\/zonaroja.com.mx\/index.php?rest_route=%2Fwp%2Fv2%2Fmedia&parent=87913"}],"wp:term":[{"taxonomy":"category","embeddable":true,"href":"https:\/\/zonaroja.com.mx\/index.php?rest_route=%2Fwp%2Fv2%2Fcategories&post=87913"},{"taxonomy":"post_tag","embeddable":true,"href":"https:\/\/zonaroja.com.mx\/index.php?rest_route=%2Fwp%2Fv2%2Ftags&post=87913"}],"curies":[{"name":"wp","href":"https:\/\/api.w.org\/{rel}","templated":true}]}}